{"id":97388,"date":"2023-02-08T14:30:26","date_gmt":"2023-02-08T17:30:26","guid":{"rendered":"https:\/\/www.actualidadadiario.com\/?p=97388"},"modified":"2023-02-08T14:30:36","modified_gmt":"2023-02-08T17:30:36","slug":"acuerdo-para-establecer-un-tope-a-los-aumentos-en-las-cuotas","status":"publish","type":"post","link":"https:\/\/www.actualidadadiario.com\/index.php\/2023\/02\/08\/acuerdo-para-establecer-un-tope-a-los-aumentos-en-las-cuotas\/","title":{"rendered":"Acuerdo para establecer un tope a los aumentos en las cuotas"},"content":{"rendered":"<p style=\"text-align: center;\"><em><strong>Llegaron a un acuerdo para fijar un \u201caumento de inicio\u201d que no supere el 16,38% y, posteriormente, un tope mensual del 3,35% para las cuotas que regir\u00e1 hasta junio<\/strong><\/em><\/p>\n<p>&nbsp;<\/p>\n<p>&nbsp;<\/p>\n<p>Massa y Perczyk firmaron un acuerdo con la C\u00e1mara Argentina de Instituciones Privadas (CAIEP), la Junta Coordinadora de Asociaciones de la ense\u00f1anza Privada de la Rep\u00fablica Argentina (COORDIEP) y el Consejo Superior de Educaci\u00f3n Cat\u00f3lica (CONSUDEC).<\/p>\n<p>Los ministros de Econom\u00eda, Sergio Massa y de Educaci\u00f3n de la Naci\u00f3n, Jaime Perczyk, acordaron con las c\u00e1maras y entidades que agrupan a las instituciones de educaci\u00f3n privada fijar un tope a los aumentos de las cuotas de esos colegios. Massa y Perczyk firmaron un acuerdo hoy con la C\u00e1mara Argentina de Instituciones Privadas (CAIEP), la Junta Coordinadora de Asociaciones de la ense\u00f1anza Privada de la Rep\u00fablica Argentina (COORDIEP) y el Consejo Superior de Educaci\u00f3n Cat\u00f3lica (CONSUDEC), en la sede de la cartera de Econom\u00eda.<\/p>\n<p>El convenio establece que las escuelas privadas con subvenci\u00f3n estatal podr\u00e1n aumentar las cuotas un 16,8% en marzo y 3,35 en abril, mayo y junio.<\/p>\n<p>Tras la firma, el ministro Massa expres\u00f3 su agradecimiento \u201ca las c\u00e1maras que representan a las entidades educativas privadas de la argentina, a las instituciones de educaci\u00f3n privada\u201d. \u201cPudimos avanzar en un acuerdo que nos da la tranquilidad de saber que para todos los hogares argentinos que tienen a sus chicos o a sus hijos en edad escolar les damos previsibilidad, les damos certidumbre\u201d, sostuvo el titular del Palacio de Hacienda.<\/p>\n<p>Asimismo, el ministro destac\u00f3 que \u201cse trabaj\u00f3 en el compromiso de este tema con la enorme mayor\u00eda de las jurisdicciones de la Argentina para que no sea s\u00f3lo un acuerdo que influye en las escuelas de Capital o Provincia sino en las escuelas de todo el pa\u00eds. Esperamos el compromiso de todos los gobiernos provinciales, entendiendo que cuando bajamos el gasto de las familias en t\u00e9rminos de lo que influye el gasto de inicio de clases de marzo, lo que estamos haciendo es que vivan un poco mejor\u201d.<\/p>\n<p>Por su parte, Perczyk agradeci\u00f3 \u201cel esfuerzo, el trabajo y el compromiso de los representantes de la educaci\u00f3n privada para dar previsibilidad a los aumentos de las cuotas de los colegios y llevar tranquilidad econ\u00f3mica a las familias\u201d. \u201cArgentina tiene un sistema educativo en el que el 75% son establecimientos p\u00fablicos y el 25 restante privados, por eso agradecemos que se sumen a este acuerdo\u201d, resalt\u00f3.<\/p>\n<p>Consign\u00f3 que este acuerdo \u201ces un paso m\u00e1s hacia el inicio del pr\u00f3ximo ciclo lectivo\u201d e invit\u00f3 a las 23 provincias y a la Ciudad de Buenos Aires a \u201cque adhieran al convenio firmado hoy\u201d.<\/p>\n<p>De la firma del convenio, participaron tambi\u00e9n el secretario de Comercio, Mat\u00edas Tombolini; el Asesor Ejecutivo del Ministerio de Educaci\u00f3n, Mario Caputo; la directora de Educaci\u00f3n P\u00fablica de Gesti\u00f3n Privada, Mar\u00eda Gloria Zingoni; el secretario General del Consejo Federal de Educaci\u00f3n, Marcelo Mango y el subsecretario de Pol\u00edticas para el Mercado Interno, Gustavo Faskowicz.<\/p>\n","protected":false},"excerpt":{"rendered":"<p>Llegaron a un acuerdo para fijar un \u201caumento de inicio\u201d que no supere el 16,38% y, posteriormente, un tope mensual del 3,35% para las cuotas que regir\u00e1 hasta junio &nbsp; &nbsp; Massa y Perczyk firmaron un acuerdo con la C\u00e1mara Argentina de Instituciones Privadas (CAIEP), la Junta Coordinadora de Asociaciones de la ense\u00f1anza Privada de la Rep\u00fablica Argentina (COORDIEP) y el Consejo Superior de Educaci\u00f3n Cat\u00f3lica (CONSUDEC). Los ministros de Econom\u00eda, Sergio Massa y de Educaci\u00f3n de la Naci\u00f3n, Jaime Perczyk, acordaron con las c\u00e1maras y entidades que agrupan a&#8230;<\/p>\n","protected":false},"author":3,"featured_media":97389,"comment_status":"closed","ping_status":"closed","sticky":false,"template":"","format":"standard","meta":[],"categories":[2],"tags":[],"_links":{"self":[{"href":"https:\/\/www.actualidadadiario.com\/index.php\/wp-json\/wp\/v2\/posts\/97388"}],"collection":[{"href":"https:\/\/www.actualidadadiario.com\/index.php\/wp-json\/wp\/v2\/posts"}],"about":[{"href":"https:\/\/www.actualidadadiario.com\/index.php\/wp-json\/wp\/v2\/types\/post"}],"author":[{"embeddable":true,"href":"https:\/\/www.actualidadadiario.com\/index.php\/wp-json\/wp\/v2\/users\/3"}],"replies":[{"embeddable":true,"href":"https:\/\/www.actualidadadiario.com\/index.php\/wp-json\/wp\/v2\/comments?post=97388"}],"version-history":[{"count":2,"href":"https:\/\/www.actualidadadiario.com\/index.php\/wp-json\/wp\/v2\/posts\/97388\/revisions"}],"predecessor-version":[{"id":97391,"href":"https:\/\/www.actualidadadiario.com\/index.php\/wp-json\/wp\/v2\/posts\/97388\/revisions\/97391"}],"wp:featuredmedia":[{"embeddable":true,"href":"https:\/\/www.actualidadadiario.com\/index.php\/wp-json\/wp\/v2\/media\/97389"}],"wp:attachment":[{"href":"https:\/\/www.actualidadadiario.com\/index.php\/wp-json\/wp\/v2\/media?parent=97388"}],"wp:term":[{"taxonomy":"category","embeddable":true,"href":"https:\/\/www.actualidadadiario.com\/index.php\/wp-json\/wp\/v2\/categories?post=97388"},{"taxonomy":"post_tag","embeddable":true,"href":"https:\/\/www.actualidadadiario.com\/index.php\/wp-json\/wp\/v2\/tags?post=97388"}],"curies":[{"name":"wp","href":"https:\/\/api.w.org\/{rel}","templated":true}]}}