{"id":97386,"date":"2023-02-08T14:29:44","date_gmt":"2023-02-08T17:29:44","guid":{"rendered":"https:\/\/www.actualidadadiario.com\/?p=97386"},"modified":"2023-02-08T14:29:44","modified_gmt":"2023-02-08T17:29:44","slug":"santa-fe-avanza-en-la-capacitacion-del-area-de-salud-sobre-el-uso-del-cannabis-medicinal","status":"publish","type":"post","link":"https:\/\/www.actualidadadiario.com\/index.php\/2023\/02\/08\/santa-fe-avanza-en-la-capacitacion-del-area-de-salud-sobre-el-uso-del-cannabis-medicinal\/","title":{"rendered":"Santa Fe avanza en la capacitaci\u00f3n del \u00e1rea de salud sobre el uso del cannabis medicinal"},"content":{"rendered":"<p style=\"text-align: center;\"><em><strong>La cartera sanitaria inform\u00f3 que el objetivo es mejorar &#8220;la accesibilidad de la poblaci\u00f3n y la calidad de vida de los pacientes&#8221;, y que los trabajadores ser\u00e1n capacitados en las patolog\u00edas neurol\u00f3gicas, el an\u00e1lisis de casos y evidencia cient\u00edfica, entre otros<\/strong><\/em><\/p>\n<p>&nbsp;<\/p>\n<p>&nbsp;<\/p>\n<p>&nbsp;<\/p>\n<p>Los equipos de Salud de la provincia de Santa Fe recibir\u00e1n una capacitaci\u00f3n virtual sobre \u201cIntroducci\u00f3n al uso terap\u00e9utico del cannabis medicinal\u201d, que tendr\u00e1 un cierre presencial a cargo de Marcelo Morante, coordinador nacional del programa de Cannabis, y la ministra de Salud provincial, Sonia Martorano.<\/p>\n<p>El inicio de la capacitaci\u00f3n ser\u00e1 el 15 de marzo y culminar\u00e1 el 31 de mayo, por lo que se fij\u00f3 como fecha l\u00edmite de inscripci\u00f3n el 26 de febrero.<\/p>\n<p>El subsecretario de Promoci\u00f3n de la Salud, Sebasti\u00e1n Torres, explic\u00f3 que se trata de \u201cun curso introductorio del uso de cannabis para abordar diferentes tem\u00e1ticas relacionadas a la historia del cannabis, el marco legal, cultivo, investigaci\u00f3n, el proyecto de la provincia y las diferentes indicaciones del uso medicinal\u201d.<\/p>\n<p>&#8220;Avanzamos hacia un proyecto integral de cannabis medicinal, que consiste en la investigaci\u00f3n, el cultivo, el desarrollo de la industria farmac\u00e9utica y la capacitaci\u00f3n de los equipos de salud\u201d, explic\u00f3 el funcionario.<\/p>\n<p>En ese sentido, Torres precis\u00f3: &#8220;El objetivo es garantizar equipos de salud formados en la tem\u00e1tica, mejorando la accesibilidad de la poblaci\u00f3n y la calidad de vida de los pacientes\u201d.<\/p>\n<p>Por \u00faltimo, el funcionario detall\u00f3 que \u201ces un curso con modalidad virtual, que se dictar\u00e1 de manera sincr\u00f3nica y asincr\u00f3nica a partir de marzo y destinada a los equipos de salud&#8221;, que tendr\u00e1 m\u00e1s de 60 horas de cursado.<\/p>\n<p>&nbsp;<\/p>\n<p><strong>La capacitaci\u00f3n <\/strong><\/p>\n<p>Los trabajadores ser\u00e1n capacitados en cannabis sativa L. y sus derivados; el potencial terap\u00e9utico, las patolog\u00edas neurol\u00f3gicas, el an\u00e1lisis de casos y evidencia cient\u00edfica; el tratamiento del dolor; el uso en las patolog\u00edas pedi\u00e1tricas y en salud mental.<\/p>\n<p>M\u00e1s adelante el curso avanzar\u00e1 en el abordaje de pacientes en la pr\u00e1ctica diaria, la investigaci\u00f3n en la agenda de Salud P\u00fablica y producci\u00f3n de conocimientos enfocados al uso terap\u00e9utico de cannabis.<\/p>\n<p>Tambi\u00e9n se realizar\u00e1 la presentaci\u00f3n del proyecto productivo provincial: la investigaci\u00f3n, el cultivo y la producci\u00f3n del Laboratorio Industrial Farmac\u00e9utico.<\/p>\n<p>Para desarrollar la capacitaci\u00f3n se tuvieron presentes los datos obtenidos de una encuesta realizada por el Ministerio de Salud, mediante la cual se pudo conocer qu\u00e9 m\u00e1s del 90% manifest\u00f3 la necesidad de formarse en esa tem\u00e1tica.<\/p>\n","protected":false},"excerpt":{"rendered":"<p>La cartera sanitaria inform\u00f3 que el objetivo es mejorar &#8220;la accesibilidad de la poblaci\u00f3n y la calidad de vida de los pacientes&#8221;, y que los trabajadores ser\u00e1n capacitados en las patolog\u00edas neurol\u00f3gicas, el an\u00e1lisis de casos y evidencia cient\u00edfica, entre otros &nbsp; &nbsp; &nbsp; Los equipos de Salud de la provincia de Santa Fe recibir\u00e1n una capacitaci\u00f3n virtual sobre \u201cIntroducci\u00f3n al uso terap\u00e9utico del cannabis medicinal\u201d, que tendr\u00e1 un cierre presencial a cargo de Marcelo Morante, coordinador nacional del programa de Cannabis, y la ministra de Salud provincial, Sonia Martorano&#8230;.<\/p>\n","protected":false},"author":3,"featured_media":74841,"comment_status":"closed","ping_status":"closed","sticky":false,"template":"","format":"standard","meta":[],"categories":[2],"tags":[],"_links":{"self":[{"href":"https:\/\/www.actualidadadiario.com\/index.php\/wp-json\/wp\/v2\/posts\/97386"}],"collection":[{"href":"https:\/\/www.actualidadadiario.com\/index.php\/wp-json\/wp\/v2\/posts"}],"about":[{"href":"https:\/\/www.actualidadadiario.com\/index.php\/wp-json\/wp\/v2\/types\/post"}],"author":[{"embeddable":true,"href":"https:\/\/www.actualidadadiario.com\/index.php\/wp-json\/wp\/v2\/users\/3"}],"replies":[{"embeddable":true,"href":"https:\/\/www.actualidadadiario.com\/index.php\/wp-json\/wp\/v2\/comments?post=97386"}],"version-history":[{"count":1,"href":"https:\/\/www.actualidadadiario.com\/index.php\/wp-json\/wp\/v2\/posts\/97386\/revisions"}],"predecessor-version":[{"id":97387,"href":"https:\/\/www.actualidadadiario.com\/index.php\/wp-json\/wp\/v2\/posts\/97386\/revisions\/97387"}],"wp:featuredmedia":[{"embeddable":true,"href":"https:\/\/www.actualidadadiario.com\/index.php\/wp-json\/wp\/v2\/media\/74841"}],"wp:attachment":[{"href":"https:\/\/www.actualidadadiario.com\/index.php\/wp-json\/wp\/v2\/media?parent=97386"}],"wp:term":[{"taxonomy":"category","embeddable":true,"href":"https:\/\/www.actualidadadiario.com\/index.php\/wp-json\/wp\/v2\/categories?post=97386"},{"taxonomy":"post_tag","embeddable":true,"href":"https:\/\/www.actualidadadiario.com\/index.php\/wp-json\/wp\/v2\/tags?post=97386"}],"curies":[{"name":"wp","href":"https:\/\/api.w.org\/{rel}","templated":true}]}}