{"id":97380,"date":"2023-02-08T14:27:53","date_gmt":"2023-02-08T17:27:53","guid":{"rendered":"https:\/\/www.actualidadadiario.com\/?p=97380"},"modified":"2023-02-08T14:28:06","modified_gmt":"2023-02-08T17:28:06","slug":"los-esteros-del-ibera-entraron-en-estado-critico-por-los-incendios-forestales","status":"publish","type":"post","link":"https:\/\/www.actualidadadiario.com\/index.php\/2023\/02\/08\/los-esteros-del-ibera-entraron-en-estado-critico-por-los-incendios-forestales\/","title":{"rendered":"Los Esteros del Iber\u00e1 entraron en \u201cestado cr\u00edtico\u201d por los incendios forestales"},"content":{"rendered":"<p style=\"text-align: center;\"><em><strong>Lo declar\u00f3 el Comando de Operaciones de Emergencias correntino para ese ecosistema, donde hay llamas desde hace 50 d\u00edas, y para otros 12 sectores de la provincia, donde desde diciembre se quemaron 31 mil hect\u00e1reas<\/strong><\/em><\/p>\n<p>&nbsp;<\/p>\n<p>&nbsp;<\/p>\n<p>El Comando de Operaciones de Emergencias (COE) de Corrientes declar\u00f3\u00a0 en estado \u201ccr\u00edtico\u201d la situaci\u00f3n desatada por los incendios que afectan con especial intensidad en los Esteros del Iber\u00e1 y a diversos sectores de la provincia, que en lo que va desde diciembre hasta la fecha sufri\u00f3 el efecto de las llamas en 31.000 hect\u00e1reas, informaron fuentes oficiales.<\/p>\n<p>La superficie total que fue afectada por el fuego en lo que va de diciembre hasta febrero son 31.000 hect\u00e1reas en toda la provincia de Corrientes, dijo este martes el titular del COE, Bruno Lovinson.<\/p>\n<p>En ese contexto, el fuego en el ecosistema Iber\u00e1 afecta actualmente a la localidad de Concepci\u00f3n, donde el portal Carambola de acceso a los Esteros sigue cerrado ya que tiene fuego en el per\u00edmetro desde hace m\u00e1s de 50 d\u00edas.<\/p>\n<p>\u201cLo que se quema es ca\u00f1ada por lo que es un incendio que va a continuar hasta que llueva\u201d, advirti\u00f3 Lovinson, quien advirti\u00f3 que no hay pron\u00f3stico de precipitaciones antes del 13 de febrero.<\/p>\n<p>El funcionario destac\u00f3 que \u201clos equipos de trabajo all\u00ed contienen el per\u00edmetro por lo menos hasta que sepamos que es seguro y es un incendio que va a demandar tiempo, realmente, hasta que llueva y se apague\u201d.<\/p>\n<p>Tambi\u00e9n en el Iber\u00e1, el lunes \u00faltimo, &#8220;se termin\u00f3 el foco en Santa Julia, que es el sector Este del Carambola\u201d, explic\u00f3.<\/p>\n<p>En el Iber\u00e1 est\u00e1n trabajando actualmente tres camionetas de la brigada forestal junto con un cami\u00f3n cisterna.<\/p>\n<p>Pese a la intensidad y lo prolongado de los siniestros \u00edgneos en la reserva, la infraestructura de servicios tur\u00edsticos alcanzada por las llamas no ha sido significativa seg\u00fan la evaluaci\u00f3n hecha desde la Administraci\u00f3n de Parques Nacionales.<\/p>\n<p>El titular del organismo, Federico Granato, explic\u00f3 que el fuego afect\u00f3 un tramo de pasarela y bases para carpas.<\/p>\n<p>La semana pasada Granato, junto a otras autoridades, recorrieron las regiones afectadas por el fuego en el Iber\u00e1 y profundizaron la articulaci\u00f3n con la provincia para el combate de las llamas.<\/p>\n<p>Por otra parte, cerca de la zona de la reserva, en un paraje denominado Pancho Cu\u00e9, en el departamento de Alvear, por estas horas se registra un rebrote en el incendio que lleva consumidas alrededor de 5.700 hect\u00e1reas, indicaron fuentes productivas, que destacaron que se trata de una zona forestal y de producci\u00f3n rural.<\/p>\n<p>Mientras que, en Santa Rosa, coraz\u00f3n de la cuenca forestoindustrial de la provincia, hay fuego sobre un par de aserraderos, dijo Lovinzon.<\/p>\n<p>El panorama general relevado por el Comando de Operaciones indica que en las \u00faltimas 24 horas se reportaron 12 focos \u00edgneos en toda la provincia.<\/p>\n<p>De acuerdo con una estimaci\u00f3n realizada este martes en el COE, por las condiciones actuales de sequ\u00eda, calor y otras caracter\u00edsticas, \u201cel comportamiento de propagaci\u00f3n del fuego en terreno de pastura baja se estima de diez hect\u00e1reas cada 30 minutos\u201d, se\u00f1alaron en un comunicado.<\/p>\n","protected":false},"excerpt":{"rendered":"<p>Lo declar\u00f3 el Comando de Operaciones de Emergencias correntino para ese ecosistema, donde hay llamas desde hace 50 d\u00edas, y para otros 12 sectores de la provincia, donde desde diciembre se quemaron 31 mil hect\u00e1reas &nbsp; &nbsp; El Comando de Operaciones de Emergencias (COE) de Corrientes declar\u00f3\u00a0 en estado \u201ccr\u00edtico\u201d la situaci\u00f3n desatada por los incendios que afectan con especial intensidad en los Esteros del Iber\u00e1 y a diversos sectores de la provincia, que en lo que va desde diciembre hasta la fecha sufri\u00f3 el efecto de las llamas en&#8230;<\/p>\n","protected":false},"author":3,"featured_media":97381,"comment_status":"closed","ping_status":"closed","sticky":false,"template":"","format":"standard","meta":[],"categories":[9],"tags":[],"_links":{"self":[{"href":"https:\/\/www.actualidadadiario.com\/index.php\/wp-json\/wp\/v2\/posts\/97380"}],"collection":[{"href":"https:\/\/www.actualidadadiario.com\/index.php\/wp-json\/wp\/v2\/posts"}],"about":[{"href":"https:\/\/www.actualidadadiario.com\/index.php\/wp-json\/wp\/v2\/types\/post"}],"author":[{"embeddable":true,"href":"https:\/\/www.actualidadadiario.com\/index.php\/wp-json\/wp\/v2\/users\/3"}],"replies":[{"embeddable":true,"href":"https:\/\/www.actualidadadiario.com\/index.php\/wp-json\/wp\/v2\/comments?post=97380"}],"version-history":[{"count":2,"href":"https:\/\/www.actualidadadiario.com\/index.php\/wp-json\/wp\/v2\/posts\/97380\/revisions"}],"predecessor-version":[{"id":97383,"href":"https:\/\/www.actualidadadiario.com\/index.php\/wp-json\/wp\/v2\/posts\/97380\/revisions\/97383"}],"wp:featuredmedia":[{"embeddable":true,"href":"https:\/\/www.actualidadadiario.com\/index.php\/wp-json\/wp\/v2\/media\/97381"}],"wp:attachment":[{"href":"https:\/\/www.actualidadadiario.com\/index.php\/wp-json\/wp\/v2\/media?parent=97380"}],"wp:term":[{"taxonomy":"category","embeddable":true,"href":"https:\/\/www.actualidadadiario.com\/index.php\/wp-json\/wp\/v2\/categories?post=97380"},{"taxonomy":"post_tag","embeddable":true,"href":"https:\/\/www.actualidadadiario.com\/index.php\/wp-json\/wp\/v2\/tags?post=97380"}],"curies":[{"name":"wp","href":"https:\/\/api.w.org\/{rel}","templated":true}]}}