{"id":97377,"date":"2023-02-07T14:23:15","date_gmt":"2023-02-07T17:23:15","guid":{"rendered":"https:\/\/www.actualidadadiario.com\/?p=97377"},"modified":"2023-02-07T14:23:15","modified_gmt":"2023-02-07T17:23:15","slug":"argentina-lanzo-su-candidatura-para-el-mundial-2030-junto-a-uruguay-paraguay-y-chile","status":"publish","type":"post","link":"https:\/\/www.actualidadadiario.com\/index.php\/2023\/02\/07\/argentina-lanzo-su-candidatura-para-el-mundial-2030-junto-a-uruguay-paraguay-y-chile\/","title":{"rendered":"Argentina lanz\u00f3 su candidatura para el Mundial 2030 junto a Uruguay, Paraguay y Chile"},"content":{"rendered":"<p style=\"text-align: center;\"><em><strong>En el predio de la AFA, la Argentina lanz\u00f3 su candidatura con la presencia de los campeones del mundo en 1978 y 1986<\/strong><\/em><\/p>\n<p>&nbsp;<\/p>\n<p>&nbsp;<\/p>\n<p>Con el objetivo de albergar la Copa del Mundo del 2030, a 100 a\u00f1os de la primera edici\u00f3n del Mundial en Uruguay 1930, Argentina oficializ\u00f3 este viernes su candidatura en conjunto con Uruguay, Paraguay, Chile.<\/p>\n<p>Del evento que se realiz\u00f3 en la predio de la Asociaci\u00f3n del F\u00fatbol Argentino (AFA), en Ezeiza, participaron Claudio &#8220;Chiqui&#8221; Tapia, presidente de la AFA, y Mat\u00edas Lammens, ministro de Turismo y Deportes. Alejandro Dom\u00ednguez, m\u00e1ximo dirigente de la Conmebol, quien fue una de las voces que argumentaron para lograr la candidatura sudamericana, y cont\u00f3 con la presencia de varios de los campeones del mundo con la Selecci\u00f3n argentina en 1978 y 1986.<\/p>\n<p>La candidatura ya es oficial, aunque para conocerse que sede ser\u00e1 la elegida deber\u00e1 aguardarse hasta el 74\u00b0 Congreso de la FIFA a celebrarse en 2024, dos a\u00f1os antes de la edici\u00f3n 2026 de la competencia en Estados Unidos, M\u00e9xico y Canad\u00e1.<\/p>\n<p>En la puja por la organizaci\u00f3n del Mundial 2030, los pa\u00edses sudamericanos deber\u00e1n competir con Espa\u00f1a y Portugal, que recientemente tambi\u00e9n manifestaron la intenci\u00f3n de sumar a Ucrania a su candidatura.<\/p>\n<p>Una tercera alternativa, todav\u00eda sin confirmaci\u00f3n oficial, podr\u00eda configurarse entre Grecia, Egipto y Arabia Saudita.<\/p>\n","protected":false},"excerpt":{"rendered":"<p>En el predio de la AFA, la Argentina lanz\u00f3 su candidatura con la presencia de los campeones del mundo en 1978 y 1986 &nbsp; &nbsp; Con el objetivo de albergar la Copa del Mundo del 2030, a 100 a\u00f1os de la primera edici\u00f3n del Mundial en Uruguay 1930, Argentina oficializ\u00f3 este viernes su candidatura en conjunto con Uruguay, Paraguay, Chile. Del evento que se realiz\u00f3 en la predio de la Asociaci\u00f3n del F\u00fatbol Argentino (AFA), en Ezeiza, participaron Claudio &#8220;Chiqui&#8221; Tapia, presidente de la AFA, y Mat\u00edas Lammens, ministro de&#8230;<\/p>\n","protected":false},"author":3,"featured_media":97378,"comment_status":"closed","ping_status":"closed","sticky":false,"template":"","format":"standard","meta":[],"categories":[4],"tags":[],"_links":{"self":[{"href":"https:\/\/www.actualidadadiario.com\/index.php\/wp-json\/wp\/v2\/posts\/97377"}],"collection":[{"href":"https:\/\/www.actualidadadiario.com\/index.php\/wp-json\/wp\/v2\/posts"}],"about":[{"href":"https:\/\/www.actualidadadiario.com\/index.php\/wp-json\/wp\/v2\/types\/post"}],"author":[{"embeddable":true,"href":"https:\/\/www.actualidadadiario.com\/index.php\/wp-json\/wp\/v2\/users\/3"}],"replies":[{"embeddable":true,"href":"https:\/\/www.actualidadadiario.com\/index.php\/wp-json\/wp\/v2\/comments?post=97377"}],"version-history":[{"count":1,"href":"https:\/\/www.actualidadadiario.com\/index.php\/wp-json\/wp\/v2\/posts\/97377\/revisions"}],"predecessor-version":[{"id":97379,"href":"https:\/\/www.actualidadadiario.com\/index.php\/wp-json\/wp\/v2\/posts\/97377\/revisions\/97379"}],"wp:featuredmedia":[{"embeddable":true,"href":"https:\/\/www.actualidadadiario.com\/index.php\/wp-json\/wp\/v2\/media\/97378"}],"wp:attachment":[{"href":"https:\/\/www.actualidadadiario.com\/index.php\/wp-json\/wp\/v2\/media?parent=97377"}],"wp:term":[{"taxonomy":"category","embeddable":true,"href":"https:\/\/www.actualidadadiario.com\/index.php\/wp-json\/wp\/v2\/categories?post=97377"},{"taxonomy":"post_tag","embeddable":true,"href":"https:\/\/www.actualidadadiario.com\/index.php\/wp-json\/wp\/v2\/tags?post=97377"}],"curies":[{"name":"wp","href":"https:\/\/api.w.org\/{rel}","templated":true}]}}