{"id":97365,"date":"2023-02-07T14:20:06","date_gmt":"2023-02-07T17:20:06","guid":{"rendered":"https:\/\/www.actualidadadiario.com\/?p=97365"},"modified":"2023-02-07T14:20:06","modified_gmt":"2023-02-07T17:20:06","slug":"francia-vive-su-tercera-jornada-de-huelgas-contra-la-reforma-jubilatoria-de-macron","status":"publish","type":"post","link":"https:\/\/www.actualidadadiario.com\/index.php\/2023\/02\/07\/francia-vive-su-tercera-jornada-de-huelgas-contra-la-reforma-jubilatoria-de-macron\/","title":{"rendered":"Francia vive su tercera jornada de huelgas contra la reforma jubilatoria de Macron"},"content":{"rendered":"<p style=\"text-align: center;\"><em><strong>El proyecto comenz\u00f3 a ser tratado el lunes en el parlamento galo<\/strong><\/em><\/p>\n<p>&nbsp;<\/p>\n<p>&nbsp;<\/p>\n<p>Francia viv\u00eda este martes su tercera jornada de protestas contra la reforma de las jubilaciones impulsada por el presidente Emmanuel Macron, un d\u00eda despu\u00e9s de que el proyecto empezara a ser debatido en el Parlamento.<\/p>\n<p>\u00abEstamos ante un presidente (\u2026) que, por un ego inflado, quiere demostrar que es capaz de aprobar una reforma independientemente de la opini\u00f3n p\u00fablica\u00bb, algo \u00abpeligroso\u00bb, advirti\u00f3 el l\u00edder del sindicato CGT, Philippe Martinez, en la radio RTL.<\/p>\n<p>Las dos medidas que cristalizan el descontento son el retraso progresivo hasta 2030 de la edad de jubilaci\u00f3n de 62 a 64 a\u00f1os y el adelanto a 2027 de la exigencia de cotizar 43 a\u00f1os -y no 42 como ahora- para cobrar una pensi\u00f3n completa.<\/p>\n<p>El Ejecutivo franc\u00e9s defiende una reforma necesaria para evitar un futuro d\u00e9ficit en la caja de las pensiones y para acercar la edad de jubilaci\u00f3n en Francia, una de las m\u00e1s bajas de la Uni\u00f3n Europea (UE), a la de sus vecinos.<\/p>\n<p>Amparados en altas cifras de rechazo a la medida y tras la mayor manifestaci\u00f3n contra una reforma social en tres d\u00e9cadas, con entre 1,27 y 2,8 millones de personas en las calles el 31 de enero, los sindicatos libran su ofensiva con paros y protestas pac\u00edficas.<\/p>\n<p>El servicio de trenes y el transporte p\u00fablico de Par\u00eds estaban hoy \u00abperturbados\u00bb, aunque menos que en protestas anteriores, mientras que un vuelo de cada cinco tuvo que ser anulado en el aeropuerto parisino de Orly, dijeron autoridades.<\/p>\n<p>\u00abSalgo mucho antes. Es una verdadera organizaci\u00f3n, alrededor de una hora y media para tener un tren. Es la tercera vez en pocos d\u00edas y ya empezamos a saber qu\u00e9 hacer\u00bb, dijo Sydsa Diallo, de 36, en una estaci\u00f3n de la regi\u00f3n de Par\u00eds, a la agencia de noticias AFP.<\/p>\n<p>Mantener el apoyo y la movilizaci\u00f3n es clave para los sindicatos. Las autoridades calculan que las marchas de hoy reunir\u00e1n a entre 900.000 y 1,1 millones de personas. El Gobierno anunci\u00f3 el despliegue de 11.000 polic\u00edas y gendarmes.<\/p>\n<p>Laurent Berger, l\u00edder del principal sindicato, CFDT, llam\u00f3 al Gobierno a escuchar a los manifestantes: \u00ab\u00bfCu\u00e1l ser\u00eda la perspectiva si no responde? \u00bfNecesitamos la indignaci\u00f3n, la violencia y la ira para que se nos escuche?\u00bb, se pregunt\u00f3 en una entrevista con el diario La Croix.<\/p>\n<p>Sus llamados por el momento no encontraron eco en el Parlamento. Ayer, en la primera jornada de debate en el pleno de la Asamblea Nacional, 292 diputados votaron en contra y 243 a favor de una moci\u00f3n de la izquierda que ped\u00eda la retirada de la reforma.<\/p>\n<p>\u00abEs la reforma o la quiebra\u00bb del sistema de reparto, les hab\u00eda advertido el ministro de Cuentas P\u00fablicas, Gabriel Attal. La caja de las pensiones enfrentar\u00e1 un d\u00e9ficit de unos 14.600 millones de d\u00f3lares en 2030, seg\u00fan el Gobierno.<\/p>\n<p>Aunque la reforma es una promesa electoral de Macron, los observadores estiman que su reelecci\u00f3n en 2022 se debi\u00f3 en gran parte al deseo de los electores de evitar la victoria de su rival en el balotaje, la ultraderechista Marine Le Pen.<\/p>\n<p>Semanas despu\u00e9s, el oficialismo perdi\u00f3 su mayor\u00eda absoluta en la Asamblea. Ahora busca los votos de la oposici\u00f3n de derecha de Los Republicanos (LR) para aprobar la reforma, ante la negativa de Le Pen y de la izquierda.<\/p>\n<p>En una concesi\u00f3n de \u00faltima hora, la primera ministra, Elisabeth Borne, anunci\u00f3 que las personas que empezaron a trabajar entre 20 y 21 a\u00f1os podr\u00e1n jubilarse con 63 a\u00f1os, pero sin lograr convencer a todos los diputados de LR.<\/p>\n<p>El Gobierno, decidido a sacar adelante la reforma pese al rechazo popular, us\u00f3 un procedimiento parlamentario que limita el tiempo de debate en la Asamblea y en el Senado.<\/p>\n<p>Despu\u00e9s que la pandemia obligara a retirar un primer intento, el Gobierno escogi\u00f3 una maniobra que le permite aplicar el actual plan si las dos C\u00e1maras del Parlamento no se pronuncian para finales de marzo.<\/p>\n<p>Si para el 26 de marzo, las dos C\u00e1maras del Parlamento no lograron pronunciarse, el gobierno de Macron podr\u00e1 aplicar su reforma por ordenanza.<\/p>\n<p>Desde su llegada al poder en 2017, Macron defendi\u00f3 su voluntad de \u00absacudir\u00bb el sistema con sus reformas de corte liberal, que en ocasiones le valieron una imagen de \u00abpresidente de los ricos\u00bb, como durante la protesta social de los chalecos amarillos, el movimiento social que sacudi\u00f3 a Francia y pa\u00edses vecinos en 2018 en reclamo de mejores salarios.<\/p>\n","protected":false},"excerpt":{"rendered":"<p>El proyecto comenz\u00f3 a ser tratado el lunes en el parlamento galo &nbsp; &nbsp; Francia viv\u00eda este martes su tercera jornada de protestas contra la reforma de las jubilaciones impulsada por el presidente Emmanuel Macron, un d\u00eda despu\u00e9s de que el proyecto empezara a ser debatido en el Parlamento. \u00abEstamos ante un presidente (\u2026) que, por un ego inflado, quiere demostrar que es capaz de aprobar una reforma independientemente de la opini\u00f3n p\u00fablica\u00bb, algo \u00abpeligroso\u00bb, advirti\u00f3 el l\u00edder del sindicato CGT, Philippe Martinez, en la radio RTL. Las dos medidas&#8230;<\/p>\n","protected":false},"author":3,"featured_media":97366,"comment_status":"closed","ping_status":"closed","sticky":false,"template":"","format":"standard","meta":[],"categories":[4],"tags":[],"_links":{"self":[{"href":"https:\/\/www.actualidadadiario.com\/index.php\/wp-json\/wp\/v2\/posts\/97365"}],"collection":[{"href":"https:\/\/www.actualidadadiario.com\/index.php\/wp-json\/wp\/v2\/posts"}],"about":[{"href":"https:\/\/www.actualidadadiario.com\/index.php\/wp-json\/wp\/v2\/types\/post"}],"author":[{"embeddable":true,"href":"https:\/\/www.actualidadadiario.com\/index.php\/wp-json\/wp\/v2\/users\/3"}],"replies":[{"embeddable":true,"href":"https:\/\/www.actualidadadiario.com\/index.php\/wp-json\/wp\/v2\/comments?post=97365"}],"version-history":[{"count":1,"href":"https:\/\/www.actualidadadiario.com\/index.php\/wp-json\/wp\/v2\/posts\/97365\/revisions"}],"predecessor-version":[{"id":97367,"href":"https:\/\/www.actualidadadiario.com\/index.php\/wp-json\/wp\/v2\/posts\/97365\/revisions\/97367"}],"wp:featuredmedia":[{"embeddable":true,"href":"https:\/\/www.actualidadadiario.com\/index.php\/wp-json\/wp\/v2\/media\/97366"}],"wp:attachment":[{"href":"https:\/\/www.actualidadadiario.com\/index.php\/wp-json\/wp\/v2\/media?parent=97365"}],"wp:term":[{"taxonomy":"category","embeddable":true,"href":"https:\/\/www.actualidadadiario.com\/index.php\/wp-json\/wp\/v2\/categories?post=97365"},{"taxonomy":"post_tag","embeddable":true,"href":"https:\/\/www.actualidadadiario.com\/index.php\/wp-json\/wp\/v2\/tags?post=97365"}],"curies":[{"name":"wp","href":"https:\/\/api.w.org\/{rel}","templated":true}]}}