{"id":97359,"date":"2023-02-07T14:18:44","date_gmt":"2023-02-07T17:18:44","guid":{"rendered":"https:\/\/www.actualidadadiario.com\/?p=97359"},"modified":"2023-02-07T14:18:44","modified_gmt":"2023-02-07T17:18:44","slug":"la-ministra-romero-senalo-que-concordia-es-especial-y-apunto-a-una-base-social-problematica","status":"publish","type":"post","link":"https:\/\/www.actualidadadiario.com\/index.php\/2023\/02\/07\/la-ministra-romero-senalo-que-concordia-es-especial-y-apunto-a-una-base-social-problematica\/","title":{"rendered":"La ministra Romero se\u00f1al\u00f3 que Concordia &#8220;es especial&#8221; y apunt\u00f3 a una base social &#8220;problem\u00e1tica&#8221;"},"content":{"rendered":"<p style=\"text-align: center;\"><em><strong>Durante la ma\u00f1ana de este martes, la ministra Rosario Romero y el intendente Cresto encabezaron la reuni\u00f3n del Consejo de Seguridad en Concordia y reconoci\u00f3 que la ciudad \u201ces especial\u201d, dado que \u201chay una base problem\u00e1tica\u201d desde lo social<\/strong><\/em><\/p>\n<p>&nbsp;<\/p>\n<p>&nbsp;<\/p>\n<p>&nbsp;<\/p>\n<p>La ministra Romero manifest\u00f3 que \u201cnosotros estamos conscientes en los temas de seguridad en todo el territorio provincial y tenemos una mirada del problema del delito en torno a tareas de prevenci\u00f3n y desarrollo social\u201d, comenz\u00f3 se\u00f1alando la funcionaria provincial.<\/p>\n<p>Ante esto, valor\u00f3 que \u201cla provincia ha avanzado mucho cuando se sancion\u00f3 la ley de narcomenudeo\u201d, dado que \u201chemos hecho muchos procedimientos y (se sustanciaron) varias causas penales en las que ya hay gente privada de su libertad, cumpliendo condenas\u201d.<\/p>\n<p>Sin embargo, reconoci\u00f3 que \u201cConcordia es especial\u201d, ya que \u201ces la segunda ciudad en poblaci\u00f3n de la provincia, ha mejorado sus \u00edndices de ocupaci\u00f3n, pero siempre hay una base problem\u00e1tica, que a nosotros nos impone estar permanentemente en an\u00e1lisis de problemas\u201d, por lo que \u201csiempre estamos buscando mejores medidas para profundizar en esa problem\u00e1tica\u201d.<\/p>\n<p>&nbsp;<\/p>\n<p><strong>Suministros policiales<\/strong><\/p>\n<p>Por otro lado, Romero apunt\u00f3 que la polic\u00eda de Entre R\u00edos \u201cest\u00e1 bien provista de combustible&#8221; y otros insumos, al punto que &#8220;no tenemos ni problemas ni quejas al respecto\u201d, tras ser consultada sobre los suministros de las fuerzas provinciales.<\/p>\n<p>En cuanto a Concordia, record\u00f3 que \u201cest\u00e1 en obras el 911, que licit\u00f3 la provincia en septiembre del a\u00f1o pasado, y las c\u00e1maras, que hoy est\u00e1n funcionando, pero van a funcionar con un mejor sistema para tener consciencia exacta de todos los veh\u00edculos\u201d en la ciudad.<\/p>\n<p>&nbsp;<\/p>\n<p><strong>Cantidad de armas<\/strong><\/p>\n<p>Consultada en cuanto a la cantidad de armas circulando en Concordia, la ministra reconoci\u00f3 que \u201ces una de las preocupaciones que nos llevaron a entrevistarnos con el Procurador General y conversar con el Ministro de Justicia de la Naci\u00f3n\u201d.<\/p>\n<p>Como medida, mencion\u00f3 que \u201csiempre hacemos campa\u00f1as de desarme y este a\u00f1o las vamos a hacer no m\u00e1s all\u00e1 del mes de abril\u201d. Al respecto, coment\u00f3 que \u201ctodas las veces que se ha hecho una campa\u00f1a de desarme, ha habido entregas voluntarias\u201d.<\/p>\n<p>\u201cLo que tenemos que lograr, es convencer a las familias de que a veces se tiene un arma que qued\u00f3 de una t\u00eda, de un abuelo y, como nadie la usa, se cree que no se tiene que entregar\u201d, pero \u201chay que entregarlas, porque un arma que est\u00e1 sustra\u00edda de la posibilidad de ser robada, es un arma que deja de circular en la sociedad\u201d.<\/p>\n<p>&nbsp;<\/p>\n<p><strong>Presencia policial<\/strong><\/p>\n<p>Finalmente, la ministra subray\u00f3 que \u201ccon el Jefe de Polic\u00eda, con el intendente, el gobernador y los legisladores, venimos conversando permanentemente\u201d sobre las medidas de seguridad. En ese sentido, \u201cse va a incrementar la presencia provincial, incluso con la colaboraci\u00f3n de grupos especiales, que ya est\u00e1n operando en Concordia y vienen los fines de semana\u201d.<\/p>\n<p>As\u00ed como tambi\u00e9n \u201cse va a incrementar todo lo que sea c\u00e1maras de video vigilancia para el funcionamiento del nuevo 911\u201d y, \u201cpor supuesto, seguiremos con la aspiraci\u00f3n de mejorar las medidas urbanas en la calle, que se va a sostener en el tiempo\u201d, concluy\u00f3.<\/p>\n","protected":false},"excerpt":{"rendered":"<p>Durante la ma\u00f1ana de este martes, la ministra Rosario Romero y el intendente Cresto encabezaron la reuni\u00f3n del Consejo de Seguridad en Concordia y reconoci\u00f3 que la ciudad \u201ces especial\u201d, dado que \u201chay una base problem\u00e1tica\u201d desde lo social &nbsp; &nbsp; &nbsp; La ministra Romero manifest\u00f3 que \u201cnosotros estamos conscientes en los temas de seguridad en todo el territorio provincial y tenemos una mirada del problema del delito en torno a tareas de prevenci\u00f3n y desarrollo social\u201d, comenz\u00f3 se\u00f1alando la funcionaria provincial. Ante esto, valor\u00f3 que \u201cla provincia ha avanzado&#8230;<\/p>\n","protected":false},"author":3,"featured_media":97360,"comment_status":"closed","ping_status":"closed","sticky":false,"template":"","format":"standard","meta":[],"categories":[15],"tags":[],"_links":{"self":[{"href":"https:\/\/www.actualidadadiario.com\/index.php\/wp-json\/wp\/v2\/posts\/97359"}],"collection":[{"href":"https:\/\/www.actualidadadiario.com\/index.php\/wp-json\/wp\/v2\/posts"}],"about":[{"href":"https:\/\/www.actualidadadiario.com\/index.php\/wp-json\/wp\/v2\/types\/post"}],"author":[{"embeddable":true,"href":"https:\/\/www.actualidadadiario.com\/index.php\/wp-json\/wp\/v2\/users\/3"}],"replies":[{"embeddable":true,"href":"https:\/\/www.actualidadadiario.com\/index.php\/wp-json\/wp\/v2\/comments?post=97359"}],"version-history":[{"count":1,"href":"https:\/\/www.actualidadadiario.com\/index.php\/wp-json\/wp\/v2\/posts\/97359\/revisions"}],"predecessor-version":[{"id":97361,"href":"https:\/\/www.actualidadadiario.com\/index.php\/wp-json\/wp\/v2\/posts\/97359\/revisions\/97361"}],"wp:featuredmedia":[{"embeddable":true,"href":"https:\/\/www.actualidadadiario.com\/index.php\/wp-json\/wp\/v2\/media\/97360"}],"wp:attachment":[{"href":"https:\/\/www.actualidadadiario.com\/index.php\/wp-json\/wp\/v2\/media?parent=97359"}],"wp:term":[{"taxonomy":"category","embeddable":true,"href":"https:\/\/www.actualidadadiario.com\/index.php\/wp-json\/wp\/v2\/categories?post=97359"},{"taxonomy":"post_tag","embeddable":true,"href":"https:\/\/www.actualidadadiario.com\/index.php\/wp-json\/wp\/v2\/tags?post=97359"}],"curies":[{"name":"wp","href":"https:\/\/api.w.org\/{rel}","templated":true}]}}