{"id":97357,"date":"2023-02-07T14:18:04","date_gmt":"2023-02-07T17:18:04","guid":{"rendered":"https:\/\/www.actualidadadiario.com\/?p=97357"},"modified":"2023-02-07T14:18:04","modified_gmt":"2023-02-07T17:18:04","slug":"abrio-la-inscripcion-para-quienes-quieran-adoptar","status":"publish","type":"post","link":"https:\/\/www.actualidadadiario.com\/index.php\/2023\/02\/07\/abrio-la-inscripcion-para-quienes-quieran-adoptar\/","title":{"rendered":"Abri\u00f3 la inscripci\u00f3n para quienes quieran adoptar"},"content":{"rendered":"<p style=\"text-align: center;\"><em><strong>Este este martes 7 y el 22 de febrero inclusive estar\u00e1 abierta la primera convocatoria del a\u00f1o para recibir solicitudes de inscripci\u00f3n al Registro \u00danico de Aspirantes a Guarda con Fines Adoptivos de la Provincia de Entre R\u00edos (Ruaer). En la provincia son 46 ni\u00f1os y ni\u00f1as de entre 0 y 12 a\u00f1os y 26 adolescentes de entre 13 y 17 a\u00f1os los que buscan una familia<\/strong><\/em><\/p>\n<p>&nbsp;<\/p>\n<p>&nbsp;<\/p>\n<p>La mayor\u00eda de ellos\/as superan los 8 a\u00f1os y\/o se encuentran dentro de un grupo de hermanos\/as y\/o presenta alguna situaci\u00f3n de salud que requiere tratamiento.<\/p>\n<p>Este lunes se llev\u00f3 a cabo el encuentro virtual obligatorio por modalidad zoom, primer paso para solicitar la inscripci\u00f3n en el Registro.<\/p>\n<p>En dicha instancia se brind\u00f3 informaci\u00f3n relevante sobre el tr\u00e1mite a realizar y, en particular, se abord\u00f3 la realidad de la adopci\u00f3n y sus implicancias.<\/p>\n<p>Para realizar consultas, comunicarse de lunes a viernes, de 7 a 13 horas, a los tel\u00e9fonos: (0343) 4209575\/76, por correo electr\u00f3nico (ruaer@jusentrerios.gov.ar) o a trav\u00e9s de mensajes por Whatsapp al 549 343 5329475.<\/p>\n<p>Tambi\u00e9n est\u00e1n disponibles las redes sociales: Instagram: @ruaer_mpd y Facebook: Registro de Adoptantes de Entre R\u00edos RUAER.<\/p>\n","protected":false},"excerpt":{"rendered":"<p>Este este martes 7 y el 22 de febrero inclusive estar\u00e1 abierta la primera convocatoria del a\u00f1o para recibir solicitudes de inscripci\u00f3n al Registro \u00danico de Aspirantes a Guarda con Fines Adoptivos de la Provincia de Entre R\u00edos (Ruaer). En la provincia son 46 ni\u00f1os y ni\u00f1as de entre 0 y 12 a\u00f1os y 26 adolescentes de entre 13 y 17 a\u00f1os los que buscan una familia &nbsp; &nbsp; La mayor\u00eda de ellos\/as superan los 8 a\u00f1os y\/o se encuentran dentro de un grupo de hermanos\/as y\/o presenta alguna situaci\u00f3n&#8230;<\/p>\n","protected":false},"author":3,"featured_media":81927,"comment_status":"closed","ping_status":"closed","sticky":false,"template":"","format":"standard","meta":[],"categories":[9,15],"tags":[],"_links":{"self":[{"href":"https:\/\/www.actualidadadiario.com\/index.php\/wp-json\/wp\/v2\/posts\/97357"}],"collection":[{"href":"https:\/\/www.actualidadadiario.com\/index.php\/wp-json\/wp\/v2\/posts"}],"about":[{"href":"https:\/\/www.actualidadadiario.com\/index.php\/wp-json\/wp\/v2\/types\/post"}],"author":[{"embeddable":true,"href":"https:\/\/www.actualidadadiario.com\/index.php\/wp-json\/wp\/v2\/users\/3"}],"replies":[{"embeddable":true,"href":"https:\/\/www.actualidadadiario.com\/index.php\/wp-json\/wp\/v2\/comments?post=97357"}],"version-history":[{"count":1,"href":"https:\/\/www.actualidadadiario.com\/index.php\/wp-json\/wp\/v2\/posts\/97357\/revisions"}],"predecessor-version":[{"id":97358,"href":"https:\/\/www.actualidadadiario.com\/index.php\/wp-json\/wp\/v2\/posts\/97357\/revisions\/97358"}],"wp:featuredmedia":[{"embeddable":true,"href":"https:\/\/www.actualidadadiario.com\/index.php\/wp-json\/wp\/v2\/media\/81927"}],"wp:attachment":[{"href":"https:\/\/www.actualidadadiario.com\/index.php\/wp-json\/wp\/v2\/media?parent=97357"}],"wp:term":[{"taxonomy":"category","embeddable":true,"href":"https:\/\/www.actualidadadiario.com\/index.php\/wp-json\/wp\/v2\/categories?post=97357"},{"taxonomy":"post_tag","embeddable":true,"href":"https:\/\/www.actualidadadiario.com\/index.php\/wp-json\/wp\/v2\/tags?post=97357"}],"curies":[{"name":"wp","href":"https:\/\/api.w.org\/{rel}","templated":true}]}}