{"id":97350,"date":"2023-02-07T14:15:51","date_gmt":"2023-02-07T17:15:51","guid":{"rendered":"https:\/\/www.actualidadadiario.com\/?p=97350"},"modified":"2023-02-07T14:16:07","modified_gmt":"2023-02-07T17:16:07","slug":"entre-rios-comienza-la-paritaria-con-los-trabajadores-estatales","status":"publish","type":"post","link":"https:\/\/www.actualidadadiario.com\/index.php\/2023\/02\/07\/entre-rios-comienza-la-paritaria-con-los-trabajadores-estatales\/","title":{"rendered":"Entre R\u00edos comienza la paritaria con los trabajadores estatales"},"content":{"rendered":"<p style=\"text-align: center;\"><em><strong>Con la convocatoria a los gremios de la educaci\u00f3n para este mi\u00e9rcoles, el gobierno provincial abre la negociaci\u00f3n paritaria del 2023. Ser\u00e1 ma\u00f1ana, 8 de febrero a las 11hs<\/strong><\/em><\/p>\n<p>&nbsp;<\/p>\n<p>&nbsp;<\/p>\n<p>El llamado se produjo luego de hacer efectivo el incremento de los salarios por encima de la inflaci\u00f3n del 2022, tal y como se comprometi\u00f3 el gobernador Gustavo Bordet.<\/p>\n<p>El gobierno de Entre R\u00edos envi\u00f3 a los gremios de trabajadores y trabajadoras de la educaci\u00f3n la invitaci\u00f3n para abrir las paritarias 2023. El encuentro tendr\u00e1 lugar el mi\u00e9rcoles 8 de febrero, a las 11hs, en la sede de la Secretar\u00eda de Trabajo, en Paran\u00e1.<\/p>\n<p>\u201cTenemos una buena perspectiva para este a\u00f1o, como consecuencia de los logros y consensos que alcanzamos en 2022, que nos dan un marco de confianza en el dialogo que venimos llevando adelante con los sectores gremiales durante toda la gesti\u00f3n. Fundamentalmente por la voluntad y convicci\u00f3n del gobernador Gustavo Bordet de reconocer la tarea docente, tanto en lo salarial como en lo que respecta a la estabilidad laboral\u201d, explic\u00f3 el presidente del Consejo General de Educaci\u00f3n, Mart\u00edn M\u00fcller.<\/p>\n<p>El titular de la cartera educativa sostuvo que \u201cescuchar, promover el dialogo y acercar posiciones ha sido siempre nuestro camino para construir las soluciones de la comunidad educativa y de los trabajadores de la educaci\u00f3n\u201d. \u201cHoy queda plasmado nuevamente en esta convocatoria a la paritaria 2023, donde cumplimos lo acordado con los gremios en noviembre pasado, en el marco del acuerdo salarial\u201d, concluy\u00f3.<\/p>\n","protected":false},"excerpt":{"rendered":"<p>Con la convocatoria a los gremios de la educaci\u00f3n para este mi\u00e9rcoles, el gobierno provincial abre la negociaci\u00f3n paritaria del 2023. Ser\u00e1 ma\u00f1ana, 8 de febrero a las 11hs &nbsp; &nbsp; El llamado se produjo luego de hacer efectivo el incremento de los salarios por encima de la inflaci\u00f3n del 2022, tal y como se comprometi\u00f3 el gobernador Gustavo Bordet. El gobierno de Entre R\u00edos envi\u00f3 a los gremios de trabajadores y trabajadoras de la educaci\u00f3n la invitaci\u00f3n para abrir las paritarias 2023. El encuentro tendr\u00e1 lugar el mi\u00e9rcoles 8&#8230;<\/p>\n","protected":false},"author":3,"featured_media":97351,"comment_status":"closed","ping_status":"closed","sticky":false,"template":"","format":"standard","meta":[],"categories":[9,15],"tags":[],"_links":{"self":[{"href":"https:\/\/www.actualidadadiario.com\/index.php\/wp-json\/wp\/v2\/posts\/97350"}],"collection":[{"href":"https:\/\/www.actualidadadiario.com\/index.php\/wp-json\/wp\/v2\/posts"}],"about":[{"href":"https:\/\/www.actualidadadiario.com\/index.php\/wp-json\/wp\/v2\/types\/post"}],"author":[{"embeddable":true,"href":"https:\/\/www.actualidadadiario.com\/index.php\/wp-json\/wp\/v2\/users\/3"}],"replies":[{"embeddable":true,"href":"https:\/\/www.actualidadadiario.com\/index.php\/wp-json\/wp\/v2\/comments?post=97350"}],"version-history":[{"count":2,"href":"https:\/\/www.actualidadadiario.com\/index.php\/wp-json\/wp\/v2\/posts\/97350\/revisions"}],"predecessor-version":[{"id":97353,"href":"https:\/\/www.actualidadadiario.com\/index.php\/wp-json\/wp\/v2\/posts\/97350\/revisions\/97353"}],"wp:featuredmedia":[{"embeddable":true,"href":"https:\/\/www.actualidadadiario.com\/index.php\/wp-json\/wp\/v2\/media\/97351"}],"wp:attachment":[{"href":"https:\/\/www.actualidadadiario.com\/index.php\/wp-json\/wp\/v2\/media?parent=97350"}],"wp:term":[{"taxonomy":"category","embeddable":true,"href":"https:\/\/www.actualidadadiario.com\/index.php\/wp-json\/wp\/v2\/categories?post=97350"},{"taxonomy":"post_tag","embeddable":true,"href":"https:\/\/www.actualidadadiario.com\/index.php\/wp-json\/wp\/v2\/tags?post=97350"}],"curies":[{"name":"wp","href":"https:\/\/api.w.org\/{rel}","templated":true}]}}