{"id":97347,"date":"2023-02-07T14:15:07","date_gmt":"2023-02-07T17:15:07","guid":{"rendered":"https:\/\/www.actualidadadiario.com\/?p=97347"},"modified":"2023-02-07T14:15:07","modified_gmt":"2023-02-07T17:15:07","slug":"en-entre-rios-se-analizara-el-tope-de-aumento-de-cuotas-de-escuelas-2","status":"publish","type":"post","link":"https:\/\/www.actualidadadiario.com\/index.php\/2023\/02\/07\/en-entre-rios-se-analizara-el-tope-de-aumento-de-cuotas-de-escuelas-2\/","title":{"rendered":"En Entre R\u00edos se analizar\u00e1 el tope de aumento de cuotas de escuelas"},"content":{"rendered":"<p style=\"text-align: center;\"><em><strong>La Confederaci\u00f3n de Instituciones de Ense\u00f1anza Privada se reunir\u00e1 en los pr\u00f3ximos d\u00edas para charlar sobre el tope del incremento de las cuotas<\/strong><\/em><\/p>\n<p>&nbsp;<\/p>\n<p>&nbsp;<\/p>\n<p>La comisi\u00f3n directiva de la Confederaci\u00f3n de Instituciones de Ense\u00f1anza Privada se reunir\u00e1 en los pr\u00f3ximos d\u00edas para establecer un acuerdo sobre la medida macroecon\u00f3mica del ministro Massa sobre una canasta escolar para el inicio de clases y un criterio \u00fanico para el aumento de cuotas de escuelas privadas: un 3,5% mensual hasta el 30 de junio, dentro del programa Precios Justos. \u201cSe estableci\u00f3 un criterio \u00fanico para todo el pa\u00eds, que se anuncia el mi\u00e9rcoles que viene en el Consejo Federal de Educaci\u00f3n\u201d, asegur\u00f3 el funcionario.<\/p>\n<p>Massa dijo que \u201calgunas provincias hab\u00edan autorizado aumentos de hasta 40% para marzo\u201d, pero que ahora \u201cse estableci\u00f3 un criterio \u00fanico para todo el pa\u00eds, que se anuncia el mi\u00e9rcoles que viene en el Consejo Federal de Educaci\u00f3n, que baja un 40% en promedio el aumento inicial y establece hasta el 30 de junio un sendero de 3,5% en el caso de los colegios\u201d.<\/p>\n<p>Por su parte, Mat\u00edas Tombolini anunci\u00f3 la ampliaci\u00f3n de Precios Justos, que incluye quince sectores de consumo con una pauta de incremento de precios de 3,2% mensual hasta el 30 de junio, como parte de acuerdos voluntarios alcanzados con m\u00e1s de 480 empresas productoras y comercializadoras.<\/p>\n<p>\u201cEsta pauta de 3,2% mensual es un objetivo que busca esencialmente moderar las expectativas de inflaci\u00f3n para mejorar el poder de compra de quien vive de un sueldo\u201d, afirm\u00f3 el secretario de Comercio, quien tuvo la palabra minutos antes que el titular de Econom\u00eda.<\/p>\n","protected":false},"excerpt":{"rendered":"<p>La Confederaci\u00f3n de Instituciones de Ense\u00f1anza Privada se reunir\u00e1 en los pr\u00f3ximos d\u00edas para charlar sobre el tope del incremento de las cuotas &nbsp; &nbsp; La comisi\u00f3n directiva de la Confederaci\u00f3n de Instituciones de Ense\u00f1anza Privada se reunir\u00e1 en los pr\u00f3ximos d\u00edas para establecer un acuerdo sobre la medida macroecon\u00f3mica del ministro Massa sobre una canasta escolar para el inicio de clases y un criterio \u00fanico para el aumento de cuotas de escuelas privadas: un 3,5% mensual hasta el 30 de junio, dentro del programa Precios Justos. \u201cSe estableci\u00f3 un&#8230;<\/p>\n","protected":false},"author":3,"featured_media":97348,"comment_status":"closed","ping_status":"closed","sticky":false,"template":"","format":"standard","meta":[],"categories":[15],"tags":[],"_links":{"self":[{"href":"https:\/\/www.actualidadadiario.com\/index.php\/wp-json\/wp\/v2\/posts\/97347"}],"collection":[{"href":"https:\/\/www.actualidadadiario.com\/index.php\/wp-json\/wp\/v2\/posts"}],"about":[{"href":"https:\/\/www.actualidadadiario.com\/index.php\/wp-json\/wp\/v2\/types\/post"}],"author":[{"embeddable":true,"href":"https:\/\/www.actualidadadiario.com\/index.php\/wp-json\/wp\/v2\/users\/3"}],"replies":[{"embeddable":true,"href":"https:\/\/www.actualidadadiario.com\/index.php\/wp-json\/wp\/v2\/comments?post=97347"}],"version-history":[{"count":1,"href":"https:\/\/www.actualidadadiario.com\/index.php\/wp-json\/wp\/v2\/posts\/97347\/revisions"}],"predecessor-version":[{"id":97349,"href":"https:\/\/www.actualidadadiario.com\/index.php\/wp-json\/wp\/v2\/posts\/97347\/revisions\/97349"}],"wp:featuredmedia":[{"embeddable":true,"href":"https:\/\/www.actualidadadiario.com\/index.php\/wp-json\/wp\/v2\/media\/97348"}],"wp:attachment":[{"href":"https:\/\/www.actualidadadiario.com\/index.php\/wp-json\/wp\/v2\/media?parent=97347"}],"wp:term":[{"taxonomy":"category","embeddable":true,"href":"https:\/\/www.actualidadadiario.com\/index.php\/wp-json\/wp\/v2\/categories?post=97347"},{"taxonomy":"post_tag","embeddable":true,"href":"https:\/\/www.actualidadadiario.com\/index.php\/wp-json\/wp\/v2\/tags?post=97347"}],"curies":[{"name":"wp","href":"https:\/\/api.w.org\/{rel}","templated":true}]}}