{"id":97345,"date":"2023-02-07T14:14:26","date_gmt":"2023-02-07T17:14:26","guid":{"rendered":"https:\/\/www.actualidadadiario.com\/?p=97345"},"modified":"2023-02-07T14:14:26","modified_gmt":"2023-02-07T17:14:26","slug":"esta-semana-comienzan-las-v-jornadas-regionales-de-educacion-2","status":"publish","type":"post","link":"https:\/\/www.actualidadadiario.com\/index.php\/2023\/02\/07\/esta-semana-comienzan-las-v-jornadas-regionales-de-educacion-2\/","title":{"rendered":"Esta semana comienzan las V Jornadas Regionales de Educaci\u00f3n"},"content":{"rendered":"<p style=\"text-align: center;\"><em><strong>Con la participaci\u00f3n de destacados especialistas se realizar\u00e1n las V Jornadas Regionales de Educaci\u00f3n 2023, que abrir\u00e1n el a\u00f1o escolar en Entre R\u00edos. Tendr\u00e1n lugar de mi\u00e9rcoles a viernes en Paran\u00e1, Concordia y Gualeguaych\u00fa<\/strong><\/em><\/p>\n<p>&nbsp;<\/p>\n<p>&nbsp;<\/p>\n<p>Organizadas por el Consejo General de Educaci\u00f3n y la Fundaci\u00f3n IAPSER y bajo el lema \u201cNueva escuela entrerriana: por una educaci\u00f3n justa, democr\u00e1tica y de calidad\u201d, las jornadas son una iniciativa de la gesti\u00f3n provincial desde 2018 y se proponen como una oportunidad para iniciar el a\u00f1o poniendo en agenda aquellos temas que aglutinan los mayores desaf\u00edos educativos para la pr\u00f3xima d\u00e9cada y que buscan contribuir a la reflexi\u00f3n cr\u00edtica sobre las propias pr\u00e1cticas docentes, los itinerarios escolares, las experiencias subjetivas, la din\u00e1mica institucional, los trabajos en red, la educaci\u00f3n y el trabajo. Las jornadas se transmitir\u00e1n en vivo por el canal en YouTube del Consejo General de Educaci\u00f3n.<\/p>\n<p>\u201cLa capacitaci\u00f3n de docentes a lo largo y ancho de la provincia es uno de los prop\u00f3sitos de nuestro gobernador en todos estos a\u00f1os, y las ediciones anteriores evidenciaron el inter\u00e9s de los docentes por capacitarse en forma permanente&#8221;, sostuvo la presidenta de la Fundaci\u00f3n Iapser, Mariel \u00c1vila. Dijo adem\u00e1s que acompa\u00f1ar este proceso \u201ces uno de los desaf\u00edos que desde la Fundaci\u00f3n nos hemos propuesto\u201d.<\/p>\n<p>&nbsp;<\/p>\n<p><strong>Detalles<\/strong><\/p>\n<p>Cuatro mil docentes de toda la provincia, con cupos distribuidos proporcionalmente a cada departamento, buscar\u00e1n compartir y recuperar pr\u00e1cticas pedag\u00f3gicas con el objetivo de identificar experiencias educativas valiosas y significativas desarrolladas en este per\u00edodo.<\/p>\n<p>En esta quinta edici\u00f3n \u2013hubo una \u00fanica interrupci\u00f3n en 2021 por la pandemia- y bajo la denominaci\u00f3n \u201cNueva escuela entrerriana: por una educaci\u00f3n justa, democr\u00e1tica y de calidad\u201d, habr\u00e1 tres ejes tem\u00e1ticos para los cuales se convoc\u00f3 a diferentes especialistas del \u00e1mbito educativo: \u201cOrganizaci\u00f3n escolar y formatos institucionales: incidencias en las trayectorias educativas\u201d, a cargo de Alexia Rattazzi, Germ\u00e1n L\u00f3dola y Marcelo Krichesky; \u201cEducaci\u00f3n, trabajo y futuro\u201d, a cargo de Victoria Camarasa y \u201cEnse\u00f1anza y aprendizaje: tareas indelegables de la educaci\u00f3n obligatoria\u201d, a cargo de Daniel Brailovsky, Cristina Carriego y Beatriz Diuk.<\/p>\n<p>Como es habitual, las V Jornadas se realizar\u00e1n en tres sedes: el mi\u00e9rcoles 8 de febrero en el Centro Provincial de Convenciones de Paran\u00e1, con la asistencia de docentes de ese departamento y Diamante, Feliciano, La Paz, Nogoy\u00e1, Paran\u00e1, Tala y Victoria; el jueves 9 en el Centro de Convenciones de Concordia con la asistencia de Col\u00f3n, Federaci\u00f3n, Federal, San Salvador y Villaguay y el cierre el viernes 10 de febrero en la Escuela Secundaria N\u00ba 8 Mar\u00eda Am\u00e9rica Barbosa de Gualeguaych\u00fa, junto a Gualeguay, Islas del Ibicuy y Uruguay.<\/p>\n","protected":false},"excerpt":{"rendered":"<p>Con la participaci\u00f3n de destacados especialistas se realizar\u00e1n las V Jornadas Regionales de Educaci\u00f3n 2023, que abrir\u00e1n el a\u00f1o escolar en Entre R\u00edos. Tendr\u00e1n lugar de mi\u00e9rcoles a viernes en Paran\u00e1, Concordia y Gualeguaych\u00fa &nbsp; &nbsp; Organizadas por el Consejo General de Educaci\u00f3n y la Fundaci\u00f3n IAPSER y bajo el lema \u201cNueva escuela entrerriana: por una educaci\u00f3n justa, democr\u00e1tica y de calidad\u201d, las jornadas son una iniciativa de la gesti\u00f3n provincial desde 2018 y se proponen como una oportunidad para iniciar el a\u00f1o poniendo en agenda aquellos temas que aglutinan&#8230;<\/p>\n","protected":false},"author":3,"featured_media":97266,"comment_status":"closed","ping_status":"closed","sticky":false,"template":"","format":"standard","meta":[],"categories":[15],"tags":[],"_links":{"self":[{"href":"https:\/\/www.actualidadadiario.com\/index.php\/wp-json\/wp\/v2\/posts\/97345"}],"collection":[{"href":"https:\/\/www.actualidadadiario.com\/index.php\/wp-json\/wp\/v2\/posts"}],"about":[{"href":"https:\/\/www.actualidadadiario.com\/index.php\/wp-json\/wp\/v2\/types\/post"}],"author":[{"embeddable":true,"href":"https:\/\/www.actualidadadiario.com\/index.php\/wp-json\/wp\/v2\/users\/3"}],"replies":[{"embeddable":true,"href":"https:\/\/www.actualidadadiario.com\/index.php\/wp-json\/wp\/v2\/comments?post=97345"}],"version-history":[{"count":1,"href":"https:\/\/www.actualidadadiario.com\/index.php\/wp-json\/wp\/v2\/posts\/97345\/revisions"}],"predecessor-version":[{"id":97346,"href":"https:\/\/www.actualidadadiario.com\/index.php\/wp-json\/wp\/v2\/posts\/97345\/revisions\/97346"}],"wp:featuredmedia":[{"embeddable":true,"href":"https:\/\/www.actualidadadiario.com\/index.php\/wp-json\/wp\/v2\/media\/97266"}],"wp:attachment":[{"href":"https:\/\/www.actualidadadiario.com\/index.php\/wp-json\/wp\/v2\/media?parent=97345"}],"wp:term":[{"taxonomy":"category","embeddable":true,"href":"https:\/\/www.actualidadadiario.com\/index.php\/wp-json\/wp\/v2\/categories?post=97345"},{"taxonomy":"post_tag","embeddable":true,"href":"https:\/\/www.actualidadadiario.com\/index.php\/wp-json\/wp\/v2\/tags?post=97345"}],"curies":[{"name":"wp","href":"https:\/\/api.w.org\/{rel}","templated":true}]}}