{"id":97332,"date":"2023-02-07T14:11:04","date_gmt":"2023-02-07T17:11:04","guid":{"rendered":"https:\/\/www.actualidadadiario.com\/?p=97332"},"modified":"2023-02-07T14:11:04","modified_gmt":"2023-02-07T17:11:04","slug":"juntos-por-el-cambio-definio-armar-una-mesa-politica-para-evitar-fracturas-en-provincias","status":"publish","type":"post","link":"https:\/\/www.actualidadadiario.com\/index.php\/2023\/02\/07\/juntos-por-el-cambio-definio-armar-una-mesa-politica-para-evitar-fracturas-en-provincias\/","title":{"rendered":"Juntos por el Cambio defini\u00f3 armar una mesa pol\u00edtica para evitar fracturas en provincias"},"content":{"rendered":"<p style=\"text-align: center;\"><em><strong>Tras la reuni\u00f3n de mesa nacional, la coalici\u00f3n opositora comunic\u00f3 que crear\u00e1 otro espacio para que los l\u00edderes de los partidos que la integran bajen las tensiones electorales en las provincias, que sobran. Adem\u00e1s, criticaron al Gobierno y ya empezaron a hablar de la &#8220;pesada herencia&#8221; futura<\/strong><\/em><\/p>\n<p>&nbsp;<\/p>\n<p>&nbsp;<\/p>\n<p>En el medio de las internas que ya atraviesan a Juntos por el Cambio y en particular al PRO a nivel nacional, bonaerense y porte\u00f1o pero a las que en las \u00faltimas semanas sum\u00f3 la explosi\u00f3n de diferencias por las candidaturas en todo el pa\u00eds, la Mesa Nacional de la coalici\u00f3n opositora se reuni\u00f3 este lunes para intentar encaminar esas dificultades a trav\u00e9s de cuatro ejes tem\u00e1ticos con foco en la unidad y c\u00f3mo posicionarse de cara a las elecciones de este a\u00f1o.<\/p>\n<p>La reuni\u00f3n se realiz\u00f3 en Palermo y dur\u00f3 casi cuatro horas. Una caracter\u00edstica central de lo que pas\u00f3 es que no estuvo Mauricio Macri, que retom\u00f3 sus vacaciones en Cumel\u00e9n, en Villa La Angostura, pese a que las variantes electoral lo colocan como candidato o v\u00e9rtice electoral.<\/p>\n<p>Quienes s\u00ed estuvieron presentes fueron los precandidatos del PRO, Horacio Rodr\u00edguez Larreta &#8211; jefe de Gobierno porte\u00f1o &#8211; y Patricia Bullrich, titular de ese partido; la diputada nacional Mar\u00eda Eugenia Vidal; Gerardo Morales, gobernador de Jujuy y presidente de la Uni\u00f3n C\u00edvica Radical (UCR); Maximiliano Ferraro, diputado nacional y presidente de la Coalici\u00f3n C\u00edvica (CC): y Miguel \u00c1ngel Pichetto, titular de la Auditor\u00eda General de la Naci\u00f3n y l\u00edder de Encuentro Republicano. Adem\u00e1s se sumaron los gobernadores radicales Rodolfo Su\u00e1rez (Mendoza) y Gustavo Vald\u00e9s (Corrientes).<\/p>\n<p>Tambi\u00e9n asistieron los diputados nacionales y presidentes de bloques Cristian Ritondo (PRO), Mario Negri (UCR), Juan Manuel L\u00f3pez (UCR) y los senadores nacionales Humberto Schiavoni (PRO); Luis Naidenoff (UCR). Adem\u00e1s, particip\u00f3 el tambi\u00e9n diputado nacional Emiliano Yacobitti, en representaci\u00f3n del senador nacional Mart\u00edn Lousteau, quien lidera Evoluci\u00f3n radical. En tanto, el diputado nacional Ricardo L\u00f3pez Murphy fue como presidente y l\u00edder de Republicanos Unidos, mientras que el legislador porte\u00f1o Sergio Abrevaya lo hizo como titular del GEN, partido que encabeza la diputada Margarita Stolbizer.<\/p>\n<p>Seg\u00fan trascendi\u00f3, uno de los ejes centrales fue la tensi\u00f3n que hay por las candidaturas en algunas provincias y para intentar encaminar ese entuerto, lo que hizo la Mesa Nacional es armar otra mesa pol\u00edtica que intentar &#8220;abordar la situaci\u00f3n de las provincias con elecciones desdobladas\u201d. En ese \u00edtem, fue la situaci\u00f3n de Mendoza, con su gobernador presente, el tema que m\u00e1s tiempo tom\u00f3.<\/p>\n<p>En cuanto a las rupturas en Neuqu\u00e9n y R\u00edo Negro, la mesa nacional de JXC decidi\u00f3 que se establecer\u00e1 &#8220;una mesa pol\u00edtica con dos representantes de cada partido para abordar la situaci\u00f3n de las provincias con elecciones desdobladas&#8221;, al tiempo que ratificaron &#8220;el cumplimiento de las reglas electorales establecidas&#8221; por este mismo espacio y en la \u00faltima declaraci\u00f3n de los presidentes de los partidos con la advertencia de &#8220;sanciones&#8221; internas de no cumplirlas.<\/p>\n<p>Tambi\u00e9n preocupan a Juntos por el Cambio, y se trat\u00f3 en la reuni\u00f3n, la situaci\u00f3n y los eventuales quiebres que buscan frenar en Chubut, Mendoza, Tierra del Fuego y Tucum\u00e1n.<\/p>\n<p>Fue particular el caso de lo que sucede en Mendoza, provincia por la cual el radicalismo hizo un planteo fuerte contra el PRO: el gobernador Su\u00e1rez y el senador Cornejo disputan la candidatura por la gobernaci\u00f3n con el diputado Omar De Marchi, uno de los armadores del larretismo en el interior del pa\u00eds.<\/p>\n<p>Es que el legislador larretista amaga con competir como gobernador por fuera de JxC si no le permiten hacerlo por dentro. \u00bfPor qu\u00e9? Porque la provincia tiene PASO, pero como la gobierna la coalici\u00f3n a trav\u00e9s de la UCR el acuerdo que tienen indica que no pueden presentarle batalla los socios internos. De Marchi quiere que se desoiga ese pacto o, caso contrario, va por afuera.<\/p>\n<p>Seg\u00fan Infobae, los radicales pidieron al PRO que &#8220;pongan en caja a De Marchi\u201d, y, ante ese planteo, Bullrich y Larreta se comprometieron a ordenar la situaci\u00f3n y mediar, con el 15 de febrero como deadline para \u201cacomodar\u201d la situaci\u00f3n de esa provincia.<\/p>\n<p>M\u00e1s all\u00e1 de sus internas, al comienzo de la reuni\u00f3n de este mediod\u00eda la Mesa cambiemita le destin\u00f3 casi toda la primera hora para deliberar sobre la situaci\u00f3n econ\u00f3mica y la econom\u00eda que se viene a partir del 10 de diciembre pr\u00f3ximo, concepto que empieza a parecerse a lo que ya sucedi\u00f3 en el recordado binomio 2015-2016, cuando Macri hablaba de la &#8220;pesada herencia&#8221; que llamativamente ten\u00eda datos macroecon\u00f3micos \u00edntegramente mejores que los que dej\u00f3 en 2019.<\/p>\n<p>Para esto expusieron los economistas de referencia de las principales fundaciones de cada partido, quienes brindaron detalles sobre el programa econ\u00f3mico conjunto en el que trabajan hace meses pero que a\u00fan se desconoce en la opini\u00f3n p\u00fablica. Participaron Hern\u00e1n Lacunza y Luciano Laspina (PRO); Eduardo Levy Yeyati (UCR); Mat\u00edas Surt (Coalici\u00f3n C\u00edvica); y Juan Carlos S\u00e1nchez Arnaud (Encuentro Republicano Federal).<\/p>\n<p>Llamativamente, en el segmento de econom\u00eda JXC expres\u00f3 su &#8220;preocupaci\u00f3n ante la grave situaci\u00f3n econ\u00f3mica que el Gobierno Nacional le dejar\u00e1 al pr\u00f3ximo gobierno que no hace m\u00e1s que perjudicar a los argentinos, a los que condenan a este estancamiento permanente&#8221;, y evaluaron en ese sentido que &#8220;la situaci\u00f3n ser\u00e1 mucho peor de la recibida en el 2015&#8221;.<\/p>\n<p>&#8220;Durante el gobierno de Alberto Fern\u00e1ndez, el endeudamiento p\u00fablico tuvo un aumento r\u00e9cord: creci\u00f3 ya en el equivalente a USD 83 mil millones, lo que genera una crisis de financiamiento en pesos que tuvo su epicentro en junio de 2022. Desde entonces, el Banco Central se vio obligado a comprar deuda p\u00fablica por el equivalente a 2,3% del PIB&#8221;, se preocuparon llamativamente por la deuda.<\/p>\n<p>Seg\u00fan argumentaron, &#8220;a pesar de la negaci\u00f3n del Gobierno, esto ha puesto al pa\u00eds ante un delicado escenario de fragilidad financiera que eleva el riesgo de una salida ca\u00f3tica&#8221; y, &#8220;en suma, una situaci\u00f3n que, lejos de resolver los problemas, intenta irresponsablemente desplazar su impacto al d\u00eda despu\u00e9s de las elecciones&#8221;.<\/p>\n<p>En otro bloque, se trat\u00f3 el pedido de juicio pol\u00edtico que el Gobierno impulsa contra los jueces de la Corte Suprema de Justicia de la Naci\u00f3n. Como ya hicieron p\u00fablico, en JxC consensuaron bloquear la agenda parlamentaria de Extraordinarias, es decir decidieron no trabajar, para impedir el avance del proyecto -que se discute en comisi\u00f3n en Diputados- y no dar qu\u00f3rum si llega al recinto, lo cual a la vez vulnerar\u00eda el resto de las iniciativas que incluyen tem\u00e1ticas de agenda econ\u00f3mica, educativa, previsional y sanitaria.<\/p>\n<p>Curiosamente, el bloque de JXC al Congreso con el juicio pol\u00edtica oficialista a la Corte tiene un flanco de una debilidad absoluta: la CC de Elisa Carri\u00f3 impulsa un proyecto propio de juicio pol\u00edtico contra el cortesano Ricardo Lorenzetti.<\/p>\n<p>Por \u00faltimo, el documento repudi\u00f3 &#8220;la entrega arbitraria, por parte del Estado Nacional, de tierras a supuestos mapuches, que no son originarios del territorio argentino&#8221;, en relaci\u00f3n con Mendoza, y ratificaron que &#8220;esa decisi\u00f3n va a ser dejada sin efecto por un pr\u00f3ximo gobierno de Juntos por el Cambio&#8221;.<\/p>\n<p>De la reuni\u00f3n tambi\u00e9n participaron algunos dirigentes que no son cabeza de partido ni cuadros t\u00e9cnicos pero que pisan fuerte por diferentes motivos. Estuvieron los diputados nacionales Federico Angelini (Santa Fe) y Laura Rodr\u00edguez Machado (C\u00f3rdoba), as\u00ed como el ex ministro de Trabajo de la Naci\u00f3n, Jorge Triaca. Los radicales Alfredo Cornejo (senador y eventual candidato a gobernador de Mendoza), Ernesto Sanz, y el ex intendente de C\u00f3rdoba Ram\u00f3n Mestre. Por la CC asistieron los legisladores bonaerenses Maricel Etchecoin y Andr\u00e9s De Leo, mientras que el ex presidente Ram\u00f3n Puerta y el dirigente Jorge Franco se sumaron al c\u00f3nclave por parte del Peronismo Republicano, al tiempo que el diputado Alberto Asseff particip\u00f3 como presidente del partido Unir.<\/p>\n<p>Por \u00faltimo, hubo representaci\u00f3n de las fundaciones que t\u00e9cnicamente preparan el &#8220;plan&#8221; y los &#8220;programas&#8221; conjuntos: Franco Moccia, de Pensar (PRO); Agust\u00edn Campero, Fundaci\u00f3n Alem (UCR); Eduardo Mondino, Fundaci\u00f3n Encuentro Republicano (ER); y Fernando S\u00e1nchez, en representaci\u00f3n del Instituto Hannah Arendt (CC).<\/p>\n","protected":false},"excerpt":{"rendered":"<p>Tras la reuni\u00f3n de mesa nacional, la coalici\u00f3n opositora comunic\u00f3 que crear\u00e1 otro espacio para que los l\u00edderes de los partidos que la integran bajen las tensiones electorales en las provincias, que sobran. Adem\u00e1s, criticaron al Gobierno y ya empezaron a hablar de la &#8220;pesada herencia&#8221; futura &nbsp; &nbsp; En el medio de las internas que ya atraviesan a Juntos por el Cambio y en particular al PRO a nivel nacional, bonaerense y porte\u00f1o pero a las que en las \u00faltimas semanas sum\u00f3 la explosi\u00f3n de diferencias por las candidaturas&#8230;<\/p>\n","protected":false},"author":3,"featured_media":97333,"comment_status":"closed","ping_status":"closed","sticky":false,"template":"","format":"standard","meta":[],"categories":[18],"tags":[],"_links":{"self":[{"href":"https:\/\/www.actualidadadiario.com\/index.php\/wp-json\/wp\/v2\/posts\/97332"}],"collection":[{"href":"https:\/\/www.actualidadadiario.com\/index.php\/wp-json\/wp\/v2\/posts"}],"about":[{"href":"https:\/\/www.actualidadadiario.com\/index.php\/wp-json\/wp\/v2\/types\/post"}],"author":[{"embeddable":true,"href":"https:\/\/www.actualidadadiario.com\/index.php\/wp-json\/wp\/v2\/users\/3"}],"replies":[{"embeddable":true,"href":"https:\/\/www.actualidadadiario.com\/index.php\/wp-json\/wp\/v2\/comments?post=97332"}],"version-history":[{"count":1,"href":"https:\/\/www.actualidadadiario.com\/index.php\/wp-json\/wp\/v2\/posts\/97332\/revisions"}],"predecessor-version":[{"id":97334,"href":"https:\/\/www.actualidadadiario.com\/index.php\/wp-json\/wp\/v2\/posts\/97332\/revisions\/97334"}],"wp:featuredmedia":[{"embeddable":true,"href":"https:\/\/www.actualidadadiario.com\/index.php\/wp-json\/wp\/v2\/media\/97333"}],"wp:attachment":[{"href":"https:\/\/www.actualidadadiario.com\/index.php\/wp-json\/wp\/v2\/media?parent=97332"}],"wp:term":[{"taxonomy":"category","embeddable":true,"href":"https:\/\/www.actualidadadiario.com\/index.php\/wp-json\/wp\/v2\/categories?post=97332"},{"taxonomy":"post_tag","embeddable":true,"href":"https:\/\/www.actualidadadiario.com\/index.php\/wp-json\/wp\/v2\/tags?post=97332"}],"curies":[{"name":"wp","href":"https:\/\/api.w.org\/{rel}","templated":true}]}}