{"id":97329,"date":"2023-02-07T14:10:22","date_gmt":"2023-02-07T17:10:22","guid":{"rendered":"https:\/\/www.actualidadadiario.com\/?p=97329"},"modified":"2023-02-07T14:10:22","modified_gmt":"2023-02-07T17:10:22","slug":"el-gobierno-abrira-el-27-de-febrero-la-embajada-en-bangladesh","status":"publish","type":"post","link":"https:\/\/www.actualidadadiario.com\/index.php\/2023\/02\/07\/el-gobierno-abrira-el-27-de-febrero-la-embajada-en-bangladesh\/","title":{"rendered":"El Gobierno abrir\u00e1 el 27 de febrero la embajada en Bangladesh"},"content":{"rendered":"<p style=\"text-align: center;\"><em><strong>La decisi\u00f3n, anunciada meses atr\u00e1s, fue ratificada este lunes por el canciller Santiago Cafiero a la diplom\u00e1tica banglades\u00ed en Brasilia, Sadia Faizunnesa. El objetivo es profundizar la agenda comercial<\/strong><\/em><\/p>\n<p>&nbsp;<\/p>\n<p>&nbsp;<\/p>\n<p>El Gobierno inaugurar\u00e1 el 27 de febrero la embajada argentina en Bangladesh. La decisi\u00f3n tom\u00f3 impulso meses atr\u00e1s en medio de la fiebre mundialista y el apoyo banglades\u00ed a la selecci\u00f3n argentina en Qatar y fue ratificada este lunes por el canciller Santiago Cafiero a la diplom\u00e1tica asi\u00e1tica en Brasilia, Sadia Faizunnesa<\/p>\n<p>El titular de la cartera de Relaciones Exteriores recibi\u00f3 en su despacho a la embajadora de Bangladesh en Brasilia -con concurrencia en Argentina-, a quien le confirm\u00f3 su visita para el pr\u00f3ximo 27 de febrero a este pa\u00eds para inaugurar la nueva embajada argentina en Daca.<\/p>\n<p>Durante el encuentro, Cafiero le adelanto a Faizunnesa la intenci\u00f3n del gobierno argentino de desarrollar una agenda de promoci\u00f3n comercial y de inversiones.<\/p>\n<p>La visita de Cafiero tendr\u00e1 una relevancia doble, no solo por la importancia de la apertura de la sede diplom\u00e1tica sino porque ser\u00e1 la primera vez que un ministro de Relaciones Exteriores sudamericano asiste a Bangladesh.<\/p>\n<p>La embajada argentina en dicho pa\u00eds volver\u00e1 a abrir sus puertas 45 a\u00f1os despu\u00e9s. La misma fue cerrada en 1978 por el gobierno dictatorial de Rafael Videla.<\/p>\n<p>Durante la reuni\u00f3n de este lunes, el ministro y la embajadora recordaron que el lazo cultural entre ambos pa\u00edses que se remonta a Rabindranath Tagore. El poeta, fil\u00f3sofo, dramaturgo y autor de himnos y canciones populares de la India y Bangladesh, visit\u00f3 Buenos Aires en 1924, tiempo durante el cual escribi\u00f3 m\u00e1s de 20 poemas y cultivo una amistad con la escritora y periodista Victoria Ocampo, entre otros.<\/p>\n<p>Si bien las gestiones para la reapertura de la sede diplom\u00e1tica comenzaron en abril del 2022, el apoyo de la sociedad banglades\u00ed a Lionel Messi y la Selecci\u00f3n argentina durante el Mundial de Qatar dio un impulso a los planes del Gobierno nacional.<\/p>\n<p>Durante la Copa del Mundo de la FIFA, se viralizaron im\u00e1genes y videos provenientes de Bangladesh donde se pod\u00eda observar a los locales celebrando en las calles los triunfos de la Selecci\u00f3n argentina. La distancia geogr\u00e1fica y cultural entre Daca y Buenos Aires no impidi\u00f3 la uni\u00f3n entre ambas sociedades por el amor hacia Lionel Messi y Argentina, una sinton\u00eda curiosa que est\u00e1 asociada a la historia del pa\u00eds asi\u00e1tico, a su pasado de excolonia brit\u00e1nica y a la hist\u00f3rica victoria de la Argentina capitaneada por Diego Maradona contra Inglaterra en M\u00e9xico 1986.<\/p>\n<p>&nbsp;<\/p>\n<p><strong>Exportaciones<\/strong><\/p>\n<p>Desde Canciller\u00eda destacaron que la reapertura de la Embajada y de su secci\u00f3n consular tiene como objetivo &#8220;explotar las potencialidades de la relaci\u00f3n bilateral, fundamentalmente en el aspecto comercial que tiene un amplio potencial de crecimiento, buscando diversificar el comercio y la oferta exportable argentina&#8221;.<\/p>\n<p>Bangladesh cuenta actualmente con una poblaci\u00f3n de 170 millones de personas, con lo cual se posiciona como un mercado atractivo a la hora de planificar la agenda comercial argentina, la cual podr\u00eda estar enfocada en aceites, cereales, harinas y pellets de soja, en vistas a satisfacer la demanda creciente del mercado banglades\u00ed.<\/p>\n<p>Por otro lado, tambi\u00e9n se mencion\u00f3 la posibilidad de &#8220;promover la cooperaci\u00f3n en el \u00e1mbito deportivo, satelital, ayuda humanitaria y gesti\u00f3n de desastres&#8221;.<\/p>\n<p>El 3 de febrero, una delegaci\u00f3n de Bangladesh encabezada por el secretario del Ministerio de Comercio, Tapan Kanti Ghosh, la embajadora Sadia Faizunnesa y autoridades de Trading Corporation of Bangladesh (TCB), un organismo estatal que funciona bajo la \u00f3rbita del ministerio de Comercio dedicado a importar y exportar de productos y a la distribuci\u00f3n y venta de commodities, visitaron el Palacio San Mart\u00edn.<\/p>\n<p>Los visitantes fueron recibidos por autoridades locales, como el secretario de Promoci\u00f3n del Comercio e Inversiones, Guillermo Merediz, y el subsecretario de Pol\u00edtica Exterior, Claudio Rozencwaig, adem\u00e1s de representantes de la C\u00e1mara de la Industria Aceitera, la C\u00e1mara Argentina de Comercio y Servicios, y el Instituto Nacional de la Yerba Mate.<\/p>\n<p>&nbsp;<\/p>\n<p><strong>Potencial exportador<\/strong><\/p>\n<p>Desde Canciller\u00eda detallaron que el comercio bilateral ronda anualmente los u$s900 millones, con amplio super\u00e1vit de nuestro pa\u00eds. Y destacaron que &#8220;existe a\u00fan un amplio potencial de crecimiento comercial, teniendo en cuenta que Argentina se posiciona como un proveedor estrat\u00e9gico y confiable de alimentos y energ\u00eda&#8221;.<\/p>\n<p>&#8220;Bangladesh importa agroalimentos b\u00e1sicos como trigo, aceite, az\u00facar, lentejas y cereales, y apunta a un suministro confiable de esos y otros productos, por medio de la compra en forma directa en el marco de un plan estatal que subsidia alimentos para 10 millones de personas, a trav\u00e9s de la Trading Corporation of Bangladesh (TCB)&#8221;, agregaron en un comunicado.<\/p>\n","protected":false},"excerpt":{"rendered":"<p>La decisi\u00f3n, anunciada meses atr\u00e1s, fue ratificada este lunes por el canciller Santiago Cafiero a la diplom\u00e1tica banglades\u00ed en Brasilia, Sadia Faizunnesa. El objetivo es profundizar la agenda comercial &nbsp; &nbsp; El Gobierno inaugurar\u00e1 el 27 de febrero la embajada argentina en Bangladesh. La decisi\u00f3n tom\u00f3 impulso meses atr\u00e1s en medio de la fiebre mundialista y el apoyo banglades\u00ed a la selecci\u00f3n argentina en Qatar y fue ratificada este lunes por el canciller Santiago Cafiero a la diplom\u00e1tica asi\u00e1tica en Brasilia, Sadia Faizunnesa El titular de la cartera de Relaciones&#8230;<\/p>\n","protected":false},"author":3,"featured_media":97330,"comment_status":"closed","ping_status":"closed","sticky":false,"template":"","format":"standard","meta":[],"categories":[18],"tags":[],"_links":{"self":[{"href":"https:\/\/www.actualidadadiario.com\/index.php\/wp-json\/wp\/v2\/posts\/97329"}],"collection":[{"href":"https:\/\/www.actualidadadiario.com\/index.php\/wp-json\/wp\/v2\/posts"}],"about":[{"href":"https:\/\/www.actualidadadiario.com\/index.php\/wp-json\/wp\/v2\/types\/post"}],"author":[{"embeddable":true,"href":"https:\/\/www.actualidadadiario.com\/index.php\/wp-json\/wp\/v2\/users\/3"}],"replies":[{"embeddable":true,"href":"https:\/\/www.actualidadadiario.com\/index.php\/wp-json\/wp\/v2\/comments?post=97329"}],"version-history":[{"count":1,"href":"https:\/\/www.actualidadadiario.com\/index.php\/wp-json\/wp\/v2\/posts\/97329\/revisions"}],"predecessor-version":[{"id":97331,"href":"https:\/\/www.actualidadadiario.com\/index.php\/wp-json\/wp\/v2\/posts\/97329\/revisions\/97331"}],"wp:featuredmedia":[{"embeddable":true,"href":"https:\/\/www.actualidadadiario.com\/index.php\/wp-json\/wp\/v2\/media\/97330"}],"wp:attachment":[{"href":"https:\/\/www.actualidadadiario.com\/index.php\/wp-json\/wp\/v2\/media?parent=97329"}],"wp:term":[{"taxonomy":"category","embeddable":true,"href":"https:\/\/www.actualidadadiario.com\/index.php\/wp-json\/wp\/v2\/categories?post=97329"},{"taxonomy":"post_tag","embeddable":true,"href":"https:\/\/www.actualidadadiario.com\/index.php\/wp-json\/wp\/v2\/tags?post=97329"}],"curies":[{"name":"wp","href":"https:\/\/api.w.org\/{rel}","templated":true}]}}