{"id":97324,"date":"2023-02-07T14:09:07","date_gmt":"2023-02-07T17:09:07","guid":{"rendered":"https:\/\/www.actualidadadiario.com\/?p=97324"},"modified":"2023-02-07T14:09:36","modified_gmt":"2023-02-07T17:09:36","slug":"maraton-de-alberto-fernandez-en-busca-de-apoyo-a-la-mesa-electoral","status":"publish","type":"post","link":"https:\/\/www.actualidadadiario.com\/index.php\/2023\/02\/07\/maraton-de-alberto-fernandez-en-busca-de-apoyo-a-la-mesa-electoral\/","title":{"rendered":"Marat\u00f3n de Alberto Fern\u00e1ndez en busca de apoyo a la mesa electoral"},"content":{"rendered":"<p style=\"text-align: center;\"><em><strong>El Presidente inici\u00f3 un raid de visitas a distintas provincias con vistas a las pr\u00f3ximas elecciones. Hoy estar\u00e1 en Tucum\u00e1n y el jueves llegar\u00e1 a La Rioja. La mayor\u00eda de los gobernadores decidieron desdoblar los comicios de los nacionales<\/strong><\/em><\/p>\n<p>&nbsp;<\/p>\n<p>&nbsp;<\/p>\n<p>&nbsp;<\/p>\n<p>Luego de haber lanzado la convocatoria de un di\u00e1logo electoral, Alberto Fern\u00e1ndez inici\u00f3 una raid de visitas a diferentes provincias con el objetivo de limar diferentes internas y avanzar en la mesa nacional del Frente de Todos.<\/p>\n<p>El Presidente recorre el interior del pa\u00eds con un plan destinado a sumar adhesiones de cara a las pr\u00f3ximas elecciones. Esta tarde viajar\u00e1 a Taf\u00ed Viejo, en Tucum\u00e1n, donde ser\u00e1 recibido por el gobernador Osvaldo Jaldo. All\u00ed, encabezar\u00e1n un acto de inauguraci\u00f3n de la Estaci\u00f3n Transformadora Los Nogales. Tambi\u00e9n estar\u00e1n presentes el jefe de Gabinete, Juan Manzur, y la secretaria de Energ\u00eda, Flavia Roy\u00f3n.<\/p>\n<p>Ayer comparti\u00f3 una actividad con el gobernador de Entre R\u00edos, Gustavo Bordet, en la ciudad de Paran\u00e1, pese a que apenas hab\u00edan pasado 72 horas de su \u00faltima visita a esa provincia. Al parecer quedaron temas pendientes de di\u00e1logo privado entre el Presidente y el mandatario provincial relacionados con lo electoral.<\/p>\n<p>Del viaje al suelo entrerriano, Alberto se llev\u00f3 el apoyo de Bordet. El Gobernador dijo que comenzaron este proceso pol\u00edtico en 2019 juntos y lo continuaremos juntos y lo terminaremos juntos porque as\u00ed lo votaron los ciudadanos\u201d. Entre R\u00edos es una de las provincias que a\u00fan no determinaron el calendario electoral, si votar\u00e1n junto a las nacionales o desdoblar\u00e1n las elecci\u00f3n.<\/p>\n<p>La iniciativa presidencial de abrir el debate electoral fue planteado en una cadena de tuits que public\u00f3 el jefe de Estado el domingo pasado, donde dej\u00f3 en claro que la intenci\u00f3n es s\u00f3lo debatir estrategias electorales, sin hacer menci\u00f3n a sus intenciones de reelecci\u00f3n. Seg\u00fan dejaron trascender en Balcarce 50, la reuni\u00f3n que ser\u00eda convocada en los pr\u00f3ximos d\u00edas incluir\u00eda a gobernadores, intendentes, dirigentes gremiales y sociales.<\/p>\n<p>La agenda de Alberto Fern\u00e1ndez incluir\u00e1 la provincia de La Rioja el pr\u00f3ximo jueves, uno de los distritos que acaba de confirmar que votar\u00e1 el 7 de mayo y se suma a otras 15 provincias que desdoblar\u00e1n el calendario. El gobernador Ricardo Quintela pelear\u00e1 por la reelecci\u00f3n y se despeg\u00f3 de los comicios nacionales.<\/p>\n<p>El mandatario riojano aplaudi\u00f3 la iniciativa de la mesa nacional para debatir las candidaturas, pero puso en duda la reelecci\u00f3n de Alberto Fern\u00e1ndez. &#8220;Me parece auspicioso que podamos conformar la mesa nacional que pueda definir el camino que vamos a transitar y los objetivos&#8221;, se\u00f1al\u00f3 Quintela.<\/p>\n<p>La iniciativa de la mesa electoral est\u00e1 lanzada pero a\u00fan no fue puesta en marcha. El kirchnerismo plante\u00f3 puertas adentro que adem\u00e1s del armado electoral, hay que debatir sobre la gesti\u00f3n de los pr\u00f3ximos meses.<\/p>\n","protected":false},"excerpt":{"rendered":"<p>El Presidente inici\u00f3 un raid de visitas a distintas provincias con vistas a las pr\u00f3ximas elecciones. Hoy estar\u00e1 en Tucum\u00e1n y el jueves llegar\u00e1 a La Rioja. La mayor\u00eda de los gobernadores decidieron desdoblar los comicios de los nacionales &nbsp; &nbsp; &nbsp; Luego de haber lanzado la convocatoria de un di\u00e1logo electoral, Alberto Fern\u00e1ndez inici\u00f3 una raid de visitas a diferentes provincias con el objetivo de limar diferentes internas y avanzar en la mesa nacional del Frente de Todos. El Presidente recorre el interior del pa\u00eds con un plan destinado&#8230;<\/p>\n","protected":false},"author":3,"featured_media":97325,"comment_status":"closed","ping_status":"closed","sticky":false,"template":"","format":"standard","meta":[],"categories":[9],"tags":[],"_links":{"self":[{"href":"https:\/\/www.actualidadadiario.com\/index.php\/wp-json\/wp\/v2\/posts\/97324"}],"collection":[{"href":"https:\/\/www.actualidadadiario.com\/index.php\/wp-json\/wp\/v2\/posts"}],"about":[{"href":"https:\/\/www.actualidadadiario.com\/index.php\/wp-json\/wp\/v2\/types\/post"}],"author":[{"embeddable":true,"href":"https:\/\/www.actualidadadiario.com\/index.php\/wp-json\/wp\/v2\/users\/3"}],"replies":[{"embeddable":true,"href":"https:\/\/www.actualidadadiario.com\/index.php\/wp-json\/wp\/v2\/comments?post=97324"}],"version-history":[{"count":2,"href":"https:\/\/www.actualidadadiario.com\/index.php\/wp-json\/wp\/v2\/posts\/97324\/revisions"}],"predecessor-version":[{"id":97328,"href":"https:\/\/www.actualidadadiario.com\/index.php\/wp-json\/wp\/v2\/posts\/97324\/revisions\/97328"}],"wp:featuredmedia":[{"embeddable":true,"href":"https:\/\/www.actualidadadiario.com\/index.php\/wp-json\/wp\/v2\/media\/97325"}],"wp:attachment":[{"href":"https:\/\/www.actualidadadiario.com\/index.php\/wp-json\/wp\/v2\/media?parent=97324"}],"wp:term":[{"taxonomy":"category","embeddable":true,"href":"https:\/\/www.actualidadadiario.com\/index.php\/wp-json\/wp\/v2\/categories?post=97324"},{"taxonomy":"post_tag","embeddable":true,"href":"https:\/\/www.actualidadadiario.com\/index.php\/wp-json\/wp\/v2\/tags?post=97324"}],"curies":[{"name":"wp","href":"https:\/\/api.w.org\/{rel}","templated":true}]}}