{"id":97319,"date":"2023-02-07T14:07:49","date_gmt":"2023-02-07T17:07:49","guid":{"rendered":"https:\/\/www.actualidadadiario.com\/?p=97319"},"modified":"2023-02-07T14:07:49","modified_gmt":"2023-02-07T17:07:49","slug":"combaten-incendios-forestales-en-corrientes-y-chubut","status":"publish","type":"post","link":"https:\/\/www.actualidadadiario.com\/index.php\/2023\/02\/07\/combaten-incendios-forestales-en-corrientes-y-chubut\/","title":{"rendered":"Combaten incendios forestales en Corrientes y Chubut"},"content":{"rendered":"<p style=\"text-align: center;\"><em><strong>Las localidades afectadas en Corrientes son Santa Rosa, Mburucuy\u00e1, San Miguel y Concepci\u00f3n, en tanto que en la provincia patag\u00f3nica el combate de las llamas se centra en la localidad de Futaleuf\u00fa<\/strong><\/em><\/p>\n<p>&nbsp;<\/p>\n<p>&nbsp;<\/p>\n<p>La provincia de Corrientes, en las inmediaciones del Parque Nacional Iber\u00e1, y Chubut, presentan focos de incendios forestales activos, seg\u00fan inform\u00f3 el Servicio Nacional de Manejo del Fuego (SNMF), dependiente del Ministerio de Ambiente y Desarrollo Sostenible.<\/p>\n<p>Seg\u00fan el reporte, las localidades afectadas por incendios son Santa Rosa, Mburucuy\u00e1, San Miguel y Concepci\u00f3n, en cercan\u00edas del Parque Nacional Iber\u00e1, de Corrientes, donde oper\u00f3 un avi\u00f3n hidrante perteneciente al SNMF, mientras se otorga apoyo t\u00e9cnico con pron\u00f3stico meteorol\u00f3gico para planificaci\u00f3n.<\/p>\n<p>Tambi\u00e9n presenta focos de incendios activos la localidad de Futaleuf\u00fa en Chubut, provincia en la que operaron un avi\u00f3n hidrante, un avi\u00f3n anfibio, un helic\u00f3ptero con helibalde y un helic\u00f3ptero Chinook pertenecientes al SNMF, al tiempo que colaboraron 34 combatientes de la Brigada Nacional Sur.<\/p>\n<p>En tanto, fueron contenidas las llamas en Ituzaing\u00f3 y Santo Tom\u00e9 en Corrientes; Tolhuin en Tierra del Fuego; Bariloche en R\u00edo Negro; y Malarg\u00fce y General Alvear en Mendoza.<\/p>\n<p>Adem\u00e1s, se controlaron las llamas en Curuz\u00fa Cuati\u00e1, Colonia Pando, Alvear, Mercedes, General Paz, Paso de los Libres y Santo Tom\u00e9 en Corrientes; San Ignacio en Misiones; El Hoyo, Futalaufquen y otra zona de Futaleuf\u00fa en Chubut; Guer Aike en Santa Cruz; Ensenada, Baradero, Villa Gesell y General Madariaga en Buenos Aires; y Pringles en San Luis.<\/p>\n","protected":false},"excerpt":{"rendered":"<p>Las localidades afectadas en Corrientes son Santa Rosa, Mburucuy\u00e1, San Miguel y Concepci\u00f3n, en tanto que en la provincia patag\u00f3nica el combate de las llamas se centra en la localidad de Futaleuf\u00fa &nbsp; &nbsp; La provincia de Corrientes, en las inmediaciones del Parque Nacional Iber\u00e1, y Chubut, presentan focos de incendios forestales activos, seg\u00fan inform\u00f3 el Servicio Nacional de Manejo del Fuego (SNMF), dependiente del Ministerio de Ambiente y Desarrollo Sostenible. Seg\u00fan el reporte, las localidades afectadas por incendios son Santa Rosa, Mburucuy\u00e1, San Miguel y Concepci\u00f3n, en cercan\u00edas del&#8230;<\/p>\n","protected":false},"author":3,"featured_media":97320,"comment_status":"closed","ping_status":"closed","sticky":false,"template":"","format":"standard","meta":[],"categories":[2],"tags":[],"_links":{"self":[{"href":"https:\/\/www.actualidadadiario.com\/index.php\/wp-json\/wp\/v2\/posts\/97319"}],"collection":[{"href":"https:\/\/www.actualidadadiario.com\/index.php\/wp-json\/wp\/v2\/posts"}],"about":[{"href":"https:\/\/www.actualidadadiario.com\/index.php\/wp-json\/wp\/v2\/types\/post"}],"author":[{"embeddable":true,"href":"https:\/\/www.actualidadadiario.com\/index.php\/wp-json\/wp\/v2\/users\/3"}],"replies":[{"embeddable":true,"href":"https:\/\/www.actualidadadiario.com\/index.php\/wp-json\/wp\/v2\/comments?post=97319"}],"version-history":[{"count":1,"href":"https:\/\/www.actualidadadiario.com\/index.php\/wp-json\/wp\/v2\/posts\/97319\/revisions"}],"predecessor-version":[{"id":97321,"href":"https:\/\/www.actualidadadiario.com\/index.php\/wp-json\/wp\/v2\/posts\/97319\/revisions\/97321"}],"wp:featuredmedia":[{"embeddable":true,"href":"https:\/\/www.actualidadadiario.com\/index.php\/wp-json\/wp\/v2\/media\/97320"}],"wp:attachment":[{"href":"https:\/\/www.actualidadadiario.com\/index.php\/wp-json\/wp\/v2\/media?parent=97319"}],"wp:term":[{"taxonomy":"category","embeddable":true,"href":"https:\/\/www.actualidadadiario.com\/index.php\/wp-json\/wp\/v2\/categories?post=97319"},{"taxonomy":"post_tag","embeddable":true,"href":"https:\/\/www.actualidadadiario.com\/index.php\/wp-json\/wp\/v2\/tags?post=97319"}],"curies":[{"name":"wp","href":"https:\/\/api.w.org\/{rel}","templated":true}]}}