{"id":97316,"date":"2023-02-07T14:07:07","date_gmt":"2023-02-07T17:07:07","guid":{"rendered":"https:\/\/www.actualidadadiario.com\/?p=97316"},"modified":"2023-02-07T14:07:07","modified_gmt":"2023-02-07T17:07:07","slug":"crean-un-registro-para-simplificar-el-acceso-de-pequenos-productores-agropecuarios-a-la-asistencia-estatal","status":"publish","type":"post","link":"https:\/\/www.actualidadadiario.com\/index.php\/2023\/02\/07\/crean-un-registro-para-simplificar-el-acceso-de-pequenos-productores-agropecuarios-a-la-asistencia-estatal\/","title":{"rendered":"Crean un registro para simplificar el acceso de peque\u00f1os productores agropecuarios a la asistencia estatal"},"content":{"rendered":"<p style=\"text-align: center;\"><em><strong>El Gobierno apunta a mejorar la asistencia a las Micros, Peque\u00f1as y Mediana Empresas del sector agropecuario<\/strong><\/em><\/p>\n<p>&nbsp;<\/p>\n<p>&nbsp;<\/p>\n<p>El Gobierno cre\u00f3 un Registro Nacional de micro, peque\u00f1as y medianas empresas agroalimentarias, para simplificar el acceso a los programas y acciones del Estado Nacional para los productores.<\/p>\n<p>La decisi\u00f3n se formaliz\u00f3 a trav\u00e9s de la resoluci\u00f3n 28\/2023 de la Secretar\u00eda de Agricultura, publicada este martes en el Bolet\u00edn Oficial. Se trata del &#8220;Registro Nacional Mipymes\u00a0 Agroalimentarias&#8221;, que apunta a mejorar el acceso a los beneficios estatales para ese sector.<\/p>\n<p>Se entender\u00e1 por persona productora agroalimentaria aquel sujeto econ\u00f3mico dedicado a cualquier actividad de producci\u00f3n primaria de agricultura, ganader\u00eda, caza, silvicultura y pesca, de la cual obtenga como resultado un producto de origen animal, vegetal y\/o f\u00fangico, de acuerdo con el texto oficial.<\/p>\n<p>Tambi\u00e9n ser\u00e1 considerada persona productora agroalimentaria aquel sujeto econ\u00f3mico que forma parte de las cadenas de valor de productos primarios y que realice un proceso de transformaci\u00f3n y\/o agregado de valor a la materia prima que recibe, y aquellos que fabriquen productos de origen biol\u00f3gico o biotecnol\u00f3gico que sirvan de insumos para la producci\u00f3n primaria.<\/p>\n<p>Para ser considerada Micro, Peque\u00f1a y\/o Mediana Empresa Agroalimentaria y solicitar su incorporaci\u00f3n al Registro, la persona interesada deber\u00e1 acreditar los siguientes requisitos:<\/p>\n<ul>\n<li>Encontrarse inscripta en el Registro de Empresas MiPyMES, en el \u00e1mbito de la Secretar\u00eda de Industria y Desarrollo Productivo del Ministerio de Econom\u00eda.<\/li>\n<\/ul>\n<p>&nbsp;<\/p>\n<ul>\n<li>Encontrarse inscripta en el Registro Nacional Sanitario de Productores Agropecuarios (RENSPA), en el Registro Nacional de Productores Ap\u00edcolas (RENAPA), en el Registro \u00danico de la Cadena Agroalimentaria (RUCA) o en el Registro Nacional de Establecimientos (RNE) o constancia vigente del registro o habilitaci\u00f3n que corresponda a la actividad agroindustrial o por el tipo de producto.<\/li>\n<\/ul>\n<p>&nbsp;<\/p>\n<ul>\n<li>Adem\u00e1s, deber\u00e1 presentar la constancia de inscripci\u00f3n de la AFIP.<\/li>\n<\/ul>\n<p>&nbsp;<\/p>\n<p>Agricultura aclar\u00f3 que la inscripci\u00f3n en el Registro no tiene vencimiento &#8220;mientras se mantengan las condiciones y requisitos establecidos para su otorgamiento y vigencia por parte del solicitante y mientras cumplan con todas y cada una de las obligaciones impuestas por la normativa vigente&#8221;.<\/p>\n<p>Esa Secretar\u00eda justific\u00f3 la creaci\u00f3n de esta herramienta al se\u00f1alar que &#8220;en virtud de la crucial importancia del sector, resulta necesario individualizar a sus actores a fin de elaborar pol\u00edticas p\u00fablicas de fomento de sus actividades&#8221;.<\/p>\n<p>&#8220;La correcta identificaci\u00f3n de los grupos de empresas contribuye a que los programas p\u00fablicos alcancen sus metas y, en consecuencia, se favorezca el desarrollo de las empresas, especialmente del tramo Micro, Peque\u00f1a y Mediana Empresa&#8221;, a\u00f1adi\u00f3.<\/p>\n","protected":false},"excerpt":{"rendered":"<p>El Gobierno apunta a mejorar la asistencia a las Micros, Peque\u00f1as y Mediana Empresas del sector agropecuario &nbsp; &nbsp; El Gobierno cre\u00f3 un Registro Nacional de micro, peque\u00f1as y medianas empresas agroalimentarias, para simplificar el acceso a los programas y acciones del Estado Nacional para los productores. La decisi\u00f3n se formaliz\u00f3 a trav\u00e9s de la resoluci\u00f3n 28\/2023 de la Secretar\u00eda de Agricultura, publicada este martes en el Bolet\u00edn Oficial. Se trata del &#8220;Registro Nacional Mipymes\u00a0 Agroalimentarias&#8221;, que apunta a mejorar el acceso a los beneficios estatales para ese sector. Se&#8230;<\/p>\n","protected":false},"author":3,"featured_media":97317,"comment_status":"closed","ping_status":"closed","sticky":false,"template":"","format":"standard","meta":[],"categories":[2],"tags":[],"_links":{"self":[{"href":"https:\/\/www.actualidadadiario.com\/index.php\/wp-json\/wp\/v2\/posts\/97316"}],"collection":[{"href":"https:\/\/www.actualidadadiario.com\/index.php\/wp-json\/wp\/v2\/posts"}],"about":[{"href":"https:\/\/www.actualidadadiario.com\/index.php\/wp-json\/wp\/v2\/types\/post"}],"author":[{"embeddable":true,"href":"https:\/\/www.actualidadadiario.com\/index.php\/wp-json\/wp\/v2\/users\/3"}],"replies":[{"embeddable":true,"href":"https:\/\/www.actualidadadiario.com\/index.php\/wp-json\/wp\/v2\/comments?post=97316"}],"version-history":[{"count":1,"href":"https:\/\/www.actualidadadiario.com\/index.php\/wp-json\/wp\/v2\/posts\/97316\/revisions"}],"predecessor-version":[{"id":97318,"href":"https:\/\/www.actualidadadiario.com\/index.php\/wp-json\/wp\/v2\/posts\/97316\/revisions\/97318"}],"wp:featuredmedia":[{"embeddable":true,"href":"https:\/\/www.actualidadadiario.com\/index.php\/wp-json\/wp\/v2\/media\/97317"}],"wp:attachment":[{"href":"https:\/\/www.actualidadadiario.com\/index.php\/wp-json\/wp\/v2\/media?parent=97316"}],"wp:term":[{"taxonomy":"category","embeddable":true,"href":"https:\/\/www.actualidadadiario.com\/index.php\/wp-json\/wp\/v2\/categories?post=97316"},{"taxonomy":"post_tag","embeddable":true,"href":"https:\/\/www.actualidadadiario.com\/index.php\/wp-json\/wp\/v2\/tags?post=97316"}],"curies":[{"name":"wp","href":"https:\/\/api.w.org\/{rel}","templated":true}]}}