{"id":97302,"date":"2023-02-07T14:03:30","date_gmt":"2023-02-07T17:03:30","guid":{"rendered":"https:\/\/www.actualidadadiario.com\/?p=97302"},"modified":"2023-02-07T14:03:30","modified_gmt":"2023-02-07T17:03:30","slug":"la-tasa-de-mortalidad-infantil-cayo-hasta-el-registro-mas-bajo-de-la-historia-en-2021","status":"publish","type":"post","link":"https:\/\/www.actualidadadiario.com\/index.php\/2023\/02\/07\/la-tasa-de-mortalidad-infantil-cayo-hasta-el-registro-mas-bajo-de-la-historia-en-2021\/","title":{"rendered":"La tasa de mortalidad infantil cay\u00f3 hasta el registro m\u00e1s bajo de la historia en 2021"},"content":{"rendered":"<p style=\"text-align: center;\"><em><strong>En 2021 se contabilizaron 4.238 muertes infantiles, lo que representa una reducci\u00f3n del 6% respecto al 2020. Y en relaci\u00f3n al 2019, disminuyeron un 8% las defunciones neonatales y se mantuvieron las posneonatales<\/strong><\/em><\/p>\n<p>&nbsp;<\/p>\n<p>&nbsp;<\/p>\n<p>La tasa de mortalidad infantil descendi\u00f3 hasta el registro m\u00e1s bajo de la historia en 2021 (8 por mil contra 9,2 por mil de 2019), anunci\u00f3 este lunes la ministra de Salud, Carla Vizzotti, durante un encuentro del Consejo Federal de Salud (Cofesa).<\/p>\n<p>En la reuni\u00f3n, que se realiz\u00f3 en el Sal\u00f3n de los Pueblos Originarios de la Casa Rosada, las autoridades detallaron que, en total, en 2021 se contabilizaron 4.238 muertes infantiles, lo que representa una reducci\u00f3n del 6% respecto al 2020.<\/p>\n<p>El descenso fue del 8% para las defunciones que ocurren en el per\u00edodo neonatal (3.029, en el 2021, versus 3.303, en el 2019), mientras se mantuvo para el posneonatal (1.209 versus 1202 muertes respectivamente), indic\u00f3 la cartera de Salud en un comunicado.<\/p>\n<p>De esta manera, la tasa de ni\u00f1as y ni\u00f1os menores de 1 a\u00f1o fallecidos en 2021 fue de 8 por mil, lo que representa una disminuci\u00f3n de m\u00e1s de un punto en dos a\u00f1os.<\/p>\n<p>Destacaron que, adem\u00e1s del descenso a nivel pa\u00eds en la tasa de mortalidad infantil, tambi\u00e9n se registr\u00f3 un acortamiento en la brecha entre las provincias (diferencia entre las provincias con mayor y menor tasa de mortalidad infantil).<\/p>\n<p>En 2020, el rango registrado fue de 4,9 a 16,4 por mil (11,5 puntos de diferencia), mientras en 2021 fue entre 4,6 y 11,6 por mil (7 puntos de diferencia).<\/p>\n<p>Adicionalmente, mientras en 2020 cinco provincias registraron tasas de mortalidad por encima de los dos d\u00edgitos (m\u00e1s de 10 por mil), en 2021 fueron cuatro las provincias que presentaron valores por encima de esa marca.<\/p>\n<p>Tambi\u00e9n precisaron que la tasa de mortalidad infantil continu\u00f3 descendiendo durante los a\u00f1os de pandemia de coronavirus, y la causa \u201cse explica en parte por el impacto de los m\u00faltiples planes y programas destinados a mejorar la salud de las y los menores de 1 a\u00f1o, como la Ley 1000 d\u00edas que tiene por objetivo la atenci\u00f3n y cuidado integral de la salud durante el embarazo y la primera infancia\u201d.<\/p>\n<p>Adem\u00e1s, se inform\u00f3 que en 2021 se registraron 529.794 nacidos vivos, lo que representa a nivel total pa\u00eds una ligera disminuci\u00f3n respecto de los valores registrados en el a\u00f1o 2020 y el s\u00e9ptimo a\u00f1o consecutivo de disminuci\u00f3n de la natalidad en el pa\u00eds.<\/p>\n<p>En este contexto, se observ\u00f3 un nuevo descenso en la tasa de fecundidad adolescente, que pas\u00f3 de 15,4 por mil mujeres de 10 a 19 a\u00f1os en 2020, a 13,7 por mil en 2021, es decir, una disminuci\u00f3n de 1,7 puntos en un a\u00f1o.<\/p>\n<p>Al respecto, la cartera sanitaria remarc\u00f3 que \u201cel sostenimiento del descenso de la fecundidad adolescente tard\u00eda se refuerza a partir de la estrategia de implementaci\u00f3n de pol\u00edticas p\u00fablicas de prevenci\u00f3n del embarazo no intencional en la adolescencia y el acceso a m\u00e9todos anticonceptivos gratuitos, en especial de larga duraci\u00f3n LARC (DIU e implantes subd\u00e9rmicos)\u201d.<\/p>\n<p>En relaci\u00f3n a las muertes maternas por aborto, se\u00f1alaron que hubo un descenso de 15 en 2020 a 9 en 2021.<\/p>\n<p>En este sentido, destacaron la implementaci\u00f3n de la ley 27.610 de Acceso a la Interrupci\u00f3n del Embarazo (ILE\/IVE) que gener\u00f3 condiciones para el acceso al aborto seguro, y esto se observa en el descenso de la mortalidad materna por aborto en el primer a\u00f1o de implementaci\u00f3n de la ley.<\/p>\n<p>\u201cLa meta de mortalidad materna por aborto es cero, por lo cual es necesario seguir ampliando los equipos de salud que garantizan la pr\u00e1ctica, continuar con la disponibilidad de medicaci\u00f3n en el primer nivel de atenci\u00f3n y mejorar la calidad de atenci\u00f3n en el segundo trimestre y posaborto\u201d, explic\u00f3 el Ministerio.<\/p>\n<p>Por \u00faltimo, informaron que a nivel nacional la raz\u00f3n de mortalidad materna -que expresa la relaci\u00f3n entre las muertes por causas maternas y la cantidad de nacidos vivos en un per\u00edodo- aument\u00f3 de 4,1 por cada 10 mil nacidos vivos en 2020, a 7,4 en 2021, incremento que se explica \u201cpor las causas obst\u00e9tricas indirectas, entre las que se remarca principalmente la irrupci\u00f3n de la pandemia provocada por la Covid-19\u201d.<\/p>\n<p>De las 393 muertes maternas registradas en 2021, 220 corresponden a personas gestantes que fallecieron debido a Covid-19 durante el embarazo, parto o puerperio.<\/p>\n<p>Asimismo, el 56% de las muertes maternas totales registradas en 2021 (80% de muertes maternas de causa indirecta) se debieron a Covid-19.<\/p>\n<p>En 2020 se identificaron 37 muertes por esta enfermedad, mientras que en 2021 se registraron 220, cifra que coincide con la evoluci\u00f3n de la pandemia en el pa\u00eds, \u201csiendo el grupo de personas gestantes uno de los grupos prioritarios para vacunaci\u00f3n\u201d.<\/p>\n<p>En el encuentro de Cofesa, Vizzotti tambi\u00e9n destac\u00f3 entre las prioridades de la agenda sanitaria \u201cla implementaci\u00f3n del programa Fierritas, el lanzamiento de Sue\u00f1o Seguro, la incorporaci\u00f3n de las vacunas bivariantes en la estrategia nacional de vacunaci\u00f3n contra la Covid-19, la Estrategia Federal de Abordaje Integral de la Salud Mental, y los ejes de trabajo de Talento Humano y el Plan Nacional de Calidad\u201d.<\/p>\n<p>En este marco, hizo hincapi\u00e9 en los avances del Plan de Reconstrucci\u00f3n del Sistema de Salud, por el cual \u201cvenimos entregando ambulancias y preparando los hospitales y los centros de salud para la distribuci\u00f3n de resonadores, angi\u00f3grafos, equipos digitales y tom\u00f3grafos\u201d.<\/p>\n<p>En declaraciones a la prensa, Vizzotti aclar\u00f3 que las vacunas bivalentes que protegen contra dos variantes de la Covid-19 (la original, detectada en China y la mutaci\u00f3n \u00d3micron) &#8220;ya est\u00e1n aprobadas por las entidades regulatorias de Estados Unidos, Europa y Argentina&#8221; y que &#8220;se distribuyeron 900 mil&#8221;.<\/p>\n<p>Adem\u00e1s, la ministra inform\u00f3 a sus pares provinciales que el Ministerio nacional firm\u00f3 una resoluci\u00f3n para declarar de inter\u00e9s sanitario la profesi\u00f3n veterinaria.<\/p>\n<p>Por otra parte, se\u00f1al\u00f3 que la vacuna argentina contra la Covid-19 &#8220;ARVAC Cecilia Grierson&#8221; empez\u00f3 este lunes el enrolamiento de los voluntarios &#8220;para testear el f\u00e1rmaco y realizar el ensayo cl\u00ednico fase 2\/3&#8221; y agreg\u00f3 que &#8220;van a participar 2.000 personas&#8221;.<\/p>\n<p>Como inicio de la agenda de la reuni\u00f3n del Cofesa, el subsecretario de Calidad, Regulaci\u00f3n y Fiscalizaci\u00f3n, Claudio Ortiz, present\u00f3 el nuevo Sistema Integral de Evaluaci\u00f3n de las Residencias del Equipo de Salud (SIER) que tiene como objetivo &#8220;la evaluaci\u00f3n de las residencias del equipo de salud, a trav\u00e9s del cumplimiento de est\u00e1ndares de calidad para poder garantizar una adecuada formaci\u00f3n del profesional&#8221;.<\/p>\n<p>El Examen \u00danico se realizar\u00e1 el 28 de junio, y el ingreso a las residencias comenzar\u00e1 el 1 de septiembre.<\/p>\n","protected":false},"excerpt":{"rendered":"<p>En 2021 se contabilizaron 4.238 muertes infantiles, lo que representa una reducci\u00f3n del 6% respecto al 2020. Y en relaci\u00f3n al 2019, disminuyeron un 8% las defunciones neonatales y se mantuvieron las posneonatales &nbsp; &nbsp; La tasa de mortalidad infantil descendi\u00f3 hasta el registro m\u00e1s bajo de la historia en 2021 (8 por mil contra 9,2 por mil de 2019), anunci\u00f3 este lunes la ministra de Salud, Carla Vizzotti, durante un encuentro del Consejo Federal de Salud (Cofesa). En la reuni\u00f3n, que se realiz\u00f3 en el Sal\u00f3n de los Pueblos&#8230;<\/p>\n","protected":false},"author":3,"featured_media":97303,"comment_status":"closed","ping_status":"closed","sticky":false,"template":"","format":"standard","meta":[],"categories":[9],"tags":[],"_links":{"self":[{"href":"https:\/\/www.actualidadadiario.com\/index.php\/wp-json\/wp\/v2\/posts\/97302"}],"collection":[{"href":"https:\/\/www.actualidadadiario.com\/index.php\/wp-json\/wp\/v2\/posts"}],"about":[{"href":"https:\/\/www.actualidadadiario.com\/index.php\/wp-json\/wp\/v2\/types\/post"}],"author":[{"embeddable":true,"href":"https:\/\/www.actualidadadiario.com\/index.php\/wp-json\/wp\/v2\/users\/3"}],"replies":[{"embeddable":true,"href":"https:\/\/www.actualidadadiario.com\/index.php\/wp-json\/wp\/v2\/comments?post=97302"}],"version-history":[{"count":1,"href":"https:\/\/www.actualidadadiario.com\/index.php\/wp-json\/wp\/v2\/posts\/97302\/revisions"}],"predecessor-version":[{"id":97304,"href":"https:\/\/www.actualidadadiario.com\/index.php\/wp-json\/wp\/v2\/posts\/97302\/revisions\/97304"}],"wp:featuredmedia":[{"embeddable":true,"href":"https:\/\/www.actualidadadiario.com\/index.php\/wp-json\/wp\/v2\/media\/97303"}],"wp:attachment":[{"href":"https:\/\/www.actualidadadiario.com\/index.php\/wp-json\/wp\/v2\/media?parent=97302"}],"wp:term":[{"taxonomy":"category","embeddable":true,"href":"https:\/\/www.actualidadadiario.com\/index.php\/wp-json\/wp\/v2\/categories?post=97302"},{"taxonomy":"post_tag","embeddable":true,"href":"https:\/\/www.actualidadadiario.com\/index.php\/wp-json\/wp\/v2\/tags?post=97302"}],"curies":[{"name":"wp","href":"https:\/\/api.w.org\/{rel}","templated":true}]}}