{"id":97291,"date":"2023-02-06T14:41:19","date_gmt":"2023-02-06T17:41:19","guid":{"rendered":"https:\/\/www.actualidadadiario.com\/?p=97291"},"modified":"2023-02-06T14:41:19","modified_gmt":"2023-02-06T17:41:19","slug":"alberto-fernandez-y-una-cita-de-peron-sobre-la-unidad-que-no-tomen-el-poder-aquellos-que-destruyen-la-patria","status":"publish","type":"post","link":"https:\/\/www.actualidadadiario.com\/index.php\/2023\/02\/06\/alberto-fernandez-y-una-cita-de-peron-sobre-la-unidad-que-no-tomen-el-poder-aquellos-que-destruyen-la-patria\/","title":{"rendered":"Alberto Fern\u00e1ndez y una cita de Per\u00f3n sobre la unidad: &#8220;Que no tomen el poder aquellos que destruyen la Patria&#8221;"},"content":{"rendered":"<p style=\"text-align: center;\"><em><strong>Tras el llamado a laconformaci\u00f3n de la mesa del Frente de Todos, el Presidente insisti\u00f3 en la unidad de las fuerzas que componen el Gobierno. &#8220;Quien sue\u00f1a solo, solo sue\u00f1a, pero quien sue\u00f1a con otros, transforma al mundo&#8221;, pronunci\u00f3<\/strong><\/em><\/p>\n<p>&nbsp;<\/p>\n<p>&nbsp;<\/p>\n<p>El presidente Alberto Fern\u00e1ndez insisti\u00f3 con sus reclamos por reforzar la unidad al interior del Frente de Todos, al asegurar que el denominador com\u00fan de las fuerzas de la coalici\u00f3n debe ser la necesidad de evitar el triunfo electoral de Juntos por el Cambio en las presidenciales.<\/p>\n<p>Lo hizo desde Paran\u00e1, tras encabezar el acto de entrega de la vivienda 85 mil, y eligi\u00f3 una cita del expresidente Juan Domingo Per\u00f3n desde el exilio publicada en Conocer a Per\u00f3n, t\u00edtulo de Juan Manuel Abal Medina.<\/p>\n<p>&#8220;En un escrito de Per\u00f3n que publica en una revista, llama a la unidad de todos los sectores para que los que destruyen a la patria no puedan ganar. A\u00f1o 72, Per\u00f3n en vida ped\u00eda eso. Per\u00f3n les ped\u00eda a todos y se\u00f1alaba que \u00e9ramos muy distintos, pero que ten\u00edamos un com\u00fan denominador que era que no tomen el poder aquellos que destruyen la patria&#8221;, vocifer\u00f3 desde la provincia de Entre R\u00edos junto al gobernador Gustavo Bordet.<\/p>\n<p>En la misma l\u00ednea, continu\u00f3: &#8220;Eso es m\u00e1s importante que todo. Lo le\u00eda y ten\u00eda ganas de firmarlo&#8221;. Las expresiones del Presidente llegan el d\u00eda despu\u00e9s del anuncio de la conformaci\u00f3n de una mesa del Frente de Todos para definir las estrategias electorales, y ante la presi\u00f3n del kirchnerismo para que se debata tambi\u00e9n el rumbo de la gesti\u00f3n del Gobierno.<\/p>\n<p>Junto a los ministros de Obras P\u00fablicas, Gabriel Katopodis, y de Desarrollo Territorial y H\u00e1bitat, Santiago Maggiotti, el mandatario record\u00f3 tambi\u00e9n a Antonio Cafiero, abuelo del actual canciller y exjefe de Gabinete de Ministros. &#8220;Estamos cumpliendo 40 a\u00f1os de democracia ininterrumpida, y saben que aprend\u00ed, algo que repet\u00eda Cafiero, el abuelo: &#8216;Quien sue\u00f1a solo, solo sue\u00f1a, pero quien sue\u00f1a con otros transforma al mundo&#8217;. Entonces los invito a so\u00f1ar por la utop\u00eda de la igualdad&#8221;, rememor\u00f3 en referencia a su planteo.<\/p>\n<p>Asimismo envi\u00f3 un mensaje a sus socios de la coalici\u00f3n, luego de sostener que no se inmiscuir\u00e1 en la interna. \u201cLes pido que esta vez no volvamos a ser otra batalla de Caseros, evit\u00e9mosla, no nos dividamos m\u00e1s, trabajemos juntos. En la calle codo a codo, somos mucho m\u00e1s que dos\u201d, indic\u00f3 en referencia al enfrentamiento entre Juan Jos\u00e9 de Urquiza y Juan Manuel de Rosas<\/p>\n<p>En otro pasaje del discurso, el mandatario repas\u00f3 las complejidades que debi\u00f3 afrontar ante la pandemia y la guerra en Ucrania, pero se centr\u00f3 en los cuestionamientos contra la gesti\u00f3n del expresidente Mauricio Macri. &#8220;Durante los cuatro a\u00f1os en los que me precedieron se construyeron y entregaron 14 mil viviendas, y los cr\u00e9ditos que se entregaron fueron los UBA que se actualizaban siguiendo al d\u00f3lar&#8221;, se\u00f1al\u00f3.<\/p>\n<p>\u201cNo es que prometemos. No ando besando el asfalto, prefiero que lo transiten camiones, autos, los que lo necesiten\u201d, dispar\u00f3 en una clara referencia a cuando en 2019, Macri toc\u00f3 el pavimente durante la inauguraci\u00f3n del Paseo del Bajo, y asegur\u00f3 que la pavimentaci\u00f3n no era &#8220;relato&#8221;.<\/p>\n<p>Por \u00faltimo, el jefe de Estado sostuvo que su gesti\u00f3n no distingue entre l\u00edneas pol\u00edticas, y asegur\u00f3 que el acceso a la vivienda es para los argentinos por igual. &#8220;En ning\u00fan municipio preguntamos a qui\u00e9nes votan porque m\u00e1s all\u00e1 de qui\u00e9nes gobiernan, los que viven son argentinos. Son ellos los que necesitan respuestas, no los gobernantes&#8221;, concluy\u00f3.<\/p>\n","protected":false},"excerpt":{"rendered":"<p>Tras el llamado a laconformaci\u00f3n de la mesa del Frente de Todos, el Presidente insisti\u00f3 en la unidad de las fuerzas que componen el Gobierno. &#8220;Quien sue\u00f1a solo, solo sue\u00f1a, pero quien sue\u00f1a con otros, transforma al mundo&#8221;, pronunci\u00f3 &nbsp; &nbsp; El presidente Alberto Fern\u00e1ndez insisti\u00f3 con sus reclamos por reforzar la unidad al interior del Frente de Todos, al asegurar que el denominador com\u00fan de las fuerzas de la coalici\u00f3n debe ser la necesidad de evitar el triunfo electoral de Juntos por el Cambio en las presidenciales. Lo hizo&#8230;<\/p>\n","protected":false},"author":3,"featured_media":97292,"comment_status":"closed","ping_status":"closed","sticky":false,"template":"","format":"standard","meta":[],"categories":[18],"tags":[],"_links":{"self":[{"href":"https:\/\/www.actualidadadiario.com\/index.php\/wp-json\/wp\/v2\/posts\/97291"}],"collection":[{"href":"https:\/\/www.actualidadadiario.com\/index.php\/wp-json\/wp\/v2\/posts"}],"about":[{"href":"https:\/\/www.actualidadadiario.com\/index.php\/wp-json\/wp\/v2\/types\/post"}],"author":[{"embeddable":true,"href":"https:\/\/www.actualidadadiario.com\/index.php\/wp-json\/wp\/v2\/users\/3"}],"replies":[{"embeddable":true,"href":"https:\/\/www.actualidadadiario.com\/index.php\/wp-json\/wp\/v2\/comments?post=97291"}],"version-history":[{"count":1,"href":"https:\/\/www.actualidadadiario.com\/index.php\/wp-json\/wp\/v2\/posts\/97291\/revisions"}],"predecessor-version":[{"id":97293,"href":"https:\/\/www.actualidadadiario.com\/index.php\/wp-json\/wp\/v2\/posts\/97291\/revisions\/97293"}],"wp:featuredmedia":[{"embeddable":true,"href":"https:\/\/www.actualidadadiario.com\/index.php\/wp-json\/wp\/v2\/media\/97292"}],"wp:attachment":[{"href":"https:\/\/www.actualidadadiario.com\/index.php\/wp-json\/wp\/v2\/media?parent=97291"}],"wp:term":[{"taxonomy":"category","embeddable":true,"href":"https:\/\/www.actualidadadiario.com\/index.php\/wp-json\/wp\/v2\/categories?post=97291"},{"taxonomy":"post_tag","embeddable":true,"href":"https:\/\/www.actualidadadiario.com\/index.php\/wp-json\/wp\/v2\/tags?post=97291"}],"curies":[{"name":"wp","href":"https:\/\/api.w.org\/{rel}","templated":true}]}}