{"id":97285,"date":"2023-02-06T14:28:17","date_gmt":"2023-02-06T17:28:17","guid":{"rendered":"https:\/\/www.actualidadadiario.com\/?p=97285"},"modified":"2023-02-06T14:28:17","modified_gmt":"2023-02-06T17:28:17","slug":"el-gobierno-frances-podria-suavizar-la-nueva-reforma-de-las-pensiones","status":"publish","type":"post","link":"https:\/\/www.actualidadadiario.com\/index.php\/2023\/02\/06\/el-gobierno-frances-podria-suavizar-la-nueva-reforma-de-las-pensiones\/","title":{"rendered":"El Gobierno franc\u00e9s podr\u00eda suavizar la nueva reforma de las pensiones"},"content":{"rendered":"<p style=\"text-align: center;\"><em><strong>La medida afectar\u00eda a 30.000 personas y costar\u00eda hasta 1.000 millones de euros al a\u00f1o, por lo que habr\u00eda que encontrar una fuente de financiaci\u00f3n<\/strong><\/em><\/p>\n<p>&nbsp;<\/p>\n<p>&nbsp;<\/p>\n<p>La primera ministra de Francia, Elisabeth Borne, acordar\u00e1 suavizar la reforma de las pensiones para permitir que algunas personas que empiecen a trabajar pronto tambi\u00e9n se jubilen antes, con el fin de ganar el apoyo de los conservadores a la reforma en el Parlamento.<\/p>\n<p>El gobierno del presidente Emmanuel Macron quiere retrasar la edad de jubilaci\u00f3n dos a\u00f1os, hasta los 64, y ampliar el periodo de cotizaci\u00f3n de los trabajadores, como parte de una reforma que considera necesaria para mantener el sistema fuera de n\u00fameros rojos en los pr\u00f3ximos a\u00f1os.<\/p>\n<p>Dado que su partido perdi\u00f3 la mayor\u00eda absoluta el a\u00f1o pasado, el gobierno necesita los votos de Los Republicanos para aprobar la impopular reforma en el Parlamento. Aunque los que empiecen a trabajar antes de los 20 a\u00f1os puedan seguir abandonando la vida activa de forma anticipada en virtud de la reforma, Borne se mostr\u00f3 abierta a las sugerencias de los conservadores que benefician a m\u00e1s trabajadores.<\/p>\n<p>\u00abVamos a avanzar ampliando la medida para las carreras largas a quienes obtendr\u00e1n a trabajar a los 20 y 21 a\u00f1os. Podr\u00e1n jubilarse a los 63 a\u00f1os\u00bb, declar\u00f3 Borne. Por su parte, un portavoz de Los Republicanos en la C\u00e1mara Baja, el diputado Pierre-Henri Dumont, declar\u00f3 que la concesi\u00f3n no es suficiente para obtener el apoyo de los miembros del partido, inform\u00f3 Reuters.<\/p>\n<p>Seg\u00fan Borne, la medida afectar\u00eda a 30.000 personas y costar\u00eda hasta 1.000 millones de euros al a\u00f1o, por lo que habr\u00eda que encontrar una fuente de financiaci\u00f3n. Dumont dijo que una enmienda alternativa propuesta por su partido beneficiar\u00eda a \u00abcientos de miles\u00bb de personas al a\u00f1o. El gobierno de Borne se ha enfrentado a dos d\u00edas de huelgas en todo el pa\u00eds desde que present\u00f3 la reforma el 10 de enero, y los sindicatos planean otro el martes.<\/p>\n","protected":false},"excerpt":{"rendered":"<p>La medida afectar\u00eda a 30.000 personas y costar\u00eda hasta 1.000 millones de euros al a\u00f1o, por lo que habr\u00eda que encontrar una fuente de financiaci\u00f3n &nbsp; &nbsp; La primera ministra de Francia, Elisabeth Borne, acordar\u00e1 suavizar la reforma de las pensiones para permitir que algunas personas que empiecen a trabajar pronto tambi\u00e9n se jubilen antes, con el fin de ganar el apoyo de los conservadores a la reforma en el Parlamento. El gobierno del presidente Emmanuel Macron quiere retrasar la edad de jubilaci\u00f3n dos a\u00f1os, hasta los 64, y ampliar&#8230;<\/p>\n","protected":false},"author":3,"featured_media":97286,"comment_status":"closed","ping_status":"closed","sticky":false,"template":"","format":"standard","meta":[],"categories":[4],"tags":[],"_links":{"self":[{"href":"https:\/\/www.actualidadadiario.com\/index.php\/wp-json\/wp\/v2\/posts\/97285"}],"collection":[{"href":"https:\/\/www.actualidadadiario.com\/index.php\/wp-json\/wp\/v2\/posts"}],"about":[{"href":"https:\/\/www.actualidadadiario.com\/index.php\/wp-json\/wp\/v2\/types\/post"}],"author":[{"embeddable":true,"href":"https:\/\/www.actualidadadiario.com\/index.php\/wp-json\/wp\/v2\/users\/3"}],"replies":[{"embeddable":true,"href":"https:\/\/www.actualidadadiario.com\/index.php\/wp-json\/wp\/v2\/comments?post=97285"}],"version-history":[{"count":1,"href":"https:\/\/www.actualidadadiario.com\/index.php\/wp-json\/wp\/v2\/posts\/97285\/revisions"}],"predecessor-version":[{"id":97287,"href":"https:\/\/www.actualidadadiario.com\/index.php\/wp-json\/wp\/v2\/posts\/97285\/revisions\/97287"}],"wp:featuredmedia":[{"embeddable":true,"href":"https:\/\/www.actualidadadiario.com\/index.php\/wp-json\/wp\/v2\/media\/97286"}],"wp:attachment":[{"href":"https:\/\/www.actualidadadiario.com\/index.php\/wp-json\/wp\/v2\/media?parent=97285"}],"wp:term":[{"taxonomy":"category","embeddable":true,"href":"https:\/\/www.actualidadadiario.com\/index.php\/wp-json\/wp\/v2\/categories?post=97285"},{"taxonomy":"post_tag","embeddable":true,"href":"https:\/\/www.actualidadadiario.com\/index.php\/wp-json\/wp\/v2\/tags?post=97285"}],"curies":[{"name":"wp","href":"https:\/\/api.w.org\/{rel}","templated":true}]}}