{"id":97282,"date":"2023-02-06T14:25:47","date_gmt":"2023-02-06T17:25:47","guid":{"rendered":"https:\/\/www.actualidadadiario.com\/?p=97282"},"modified":"2023-02-06T14:25:47","modified_gmt":"2023-02-06T17:25:47","slug":"chile-declaro-estado-de-catastrofe-por-incendios-forestales-la-cifra-de-muertos-subia-a-24","status":"publish","type":"post","link":"https:\/\/www.actualidadadiario.com\/index.php\/2023\/02\/06\/chile-declaro-estado-de-catastrofe-por-incendios-forestales-la-cifra-de-muertos-subia-a-24\/","title":{"rendered":"Chile declar\u00f3 estado de cat\u00e1strofe por incendios forestales: la cifra de muertos sub\u00eda a 24"},"content":{"rendered":"<p><em><strong>El pa\u00eds trasandino solicit\u00f3 ayuda internacional para agilizar la llegada de aeronaves y brigadas<\/strong><\/em><\/p>\n<p>&nbsp;<\/p>\n<p>&nbsp;<\/p>\n<p>El gobierno de Chile a cargo de Gabriel Boric declar\u00f3 en las \u00faltimas horas el estado de cat\u00e1strofe en La Araucan\u00eda, ante la imposibilidad de controlar los incendios forestales que afectan a la regi\u00f3n centro-sur del pa\u00eds vecino. Hasta el momento, el fuego consumi\u00f3 m\u00e1s de 45.000 hect\u00e1reas y adem\u00e1s caus\u00f3 la muerte de 24 personas. Otras regiones chilenas encuadradas en la misma situaci\u00f3n son \u00d1uble y B\u00edo B\u00edo.<\/p>\n<p>Por el momento hay poco m\u00e1s de 200 focos activos en esas zonas de Chile, aunque el calor y el viento complican la labor de los brigadistas. En tanto, Boric suspendi\u00f3 sus vacaciones ya que tiene la intenci\u00f3n de inspeccionar personalmente las regiones afectadas. El mandatario se\u00f1al\u00f3 a trav\u00e9s de la red social Twitter que convers\u00f3 con su par argentino, Alberto Fern\u00e1ndez, \u201cpara coordinar y agradecer el apoyo de Argentina en el combate contra incendios\u201d.<\/p>\n<p>\u201cAdem\u00e1s de brigadistas recibiremos maquinarias. Estamos gestionando el apoyo de distintos pa\u00edses para enfrentar la emergencia. No los dejaremos solos\u201d, expres\u00f3 Boric. Los incendios provocaron la muerte de 24 personas, cifra que podr\u00eda incrementarse en las pr\u00f3ximas horas, y adem\u00e1s hay una decena de desaparecidos. Del total de fallecidos, 10 eran de Santa Juana -en B\u00edo B\u00edo- y cinco formaban parte de una misma familia, confirmaron las autoridades.<\/p>\n<p>Asimismo, hab\u00eda 554 heridos, de los cuales 16 est\u00e1n graves, seg\u00fan un nuevo informe divulgado hoy por las autoridades. \u201cTenemos un recuento de 26 personas hospitalizadas en las condiciones de gran quemado, lo que implica que esa cifra subi\u00f3 de 24 a 26 entre el d\u00eda de ayer y el d\u00eda de hoy\u201d, indic\u00f3 el subsecretario del Interior, Manuel Monsalve, durante una conferencia de prensa.<\/p>\n<p>&nbsp;<\/p>\n<p><strong>Detenidos ante \u201ceventual responsabilidad en la generaci\u00f3n de incendios\u201d<\/strong><\/p>\n<p>Agreg\u00f3 que \u201chay 10 detenidos por eventual responsabilidad en la generaci\u00f3n de incendios\u201d y sostuvo que \u201cla generaci\u00f3n intencional de incendios va a ser perseguida penalmente por el Gobierno de Chile\u201d. El funcionario indic\u00f3 que este domingo \u201cno hay temperaturas extremas. Mantenemos altas temperaturas en las regiones que van desde Valpara\u00edso a la regi\u00f3n de las Araucan\u00eda, pero no son extremas\u201d.<\/p>\n<p>No obstante, advirti\u00f3 que durante la semana \u201clas regiones metropolitanas y \u00d1uble sufrir\u00e1n temperaturas extremas y el escenario ser\u00e1 complejo\u201d. A su vez, Monsalve dijo que \u201cen la Regi\u00f3n de \u00d1uble y en la Regi\u00f3n de Biob\u00edo la actividad de esos incendios durante el transcurso de la noche fue menor a la esperada, lo cual, desde el punto de vista del contexto de la emergencia que vivimos, es un escenario un poco mejor a lo que hab\u00edamos vividos los d\u00edas anteriores\u201d.<\/p>\n<p>En este sentido, el subsecretario indic\u00f3 que \u201cel viernes se registraron 76 nuevos incendios durante el d\u00eda\u201d, luego 16 el s\u00e1bado, y que \u201cal horario que llevamos, hay ocho nuevos incendios durante el d\u00eda, que se espera que no sigan creciendo\u201d. Y agreg\u00f3 \u201chay 260 incendios en estos momentos en Chile, de los cuales 51 est\u00e1n en combate, y de esos 28 son considerados incendios relevantes\u201d.<\/p>\n<p>&nbsp;<\/p>\n<p><strong>Ayuda internacional a Chile<\/strong><\/p>\n<p>Chile solicit\u00f3 apoyo internacional para agilizar la llegada de aeronaves y brigadas. El domingo, una cuadrilla de emergencias de Espa\u00f1a iba en camino al pa\u00eds. En este sentido, el presidente del Gobierno espa\u00f1ol, Pedro S\u00e1nchez, inform\u00f3 que envi\u00f3 a Chile un avi\u00f3n con un contingente de la Unidad Militar de Emergencias (UME) para colaborar en la extinci\u00f3n y control de los incendios que est\u00e1n azotando a Chile, tras el pedido ayuda a varios gobiernos, incluido el espa\u00f1ol, seg\u00fan Reuters.<\/p>\n<p>S\u00e1nchez subray\u00f3 que Espa\u00f1a \u201cconoce bien el drama de los incendios forestales\u201d y mand\u00f3 su apoyo al pueblo chileno. Por su parte, el presidente de Colombia, Gustavo Petro, asegur\u00f3 que su gobierno enviar\u00eda un avi\u00f3n con material y expertos en apagar incendios forestales. La canciller\u00eda chilena dijo que segu\u00eda coordinando con autoridades de Argentina, Brasil, Ecuador, Estados Unidos y M\u00e9xico el env\u00edo de ayuda.<\/p>\n","protected":false},"excerpt":{"rendered":"<p>El pa\u00eds trasandino solicit\u00f3 ayuda internacional para agilizar la llegada de aeronaves y brigadas &nbsp; &nbsp; El gobierno de Chile a cargo de Gabriel Boric declar\u00f3 en las \u00faltimas horas el estado de cat\u00e1strofe en La Araucan\u00eda, ante la imposibilidad de controlar los incendios forestales que afectan a la regi\u00f3n centro-sur del pa\u00eds vecino. Hasta el momento, el fuego consumi\u00f3 m\u00e1s de 45.000 hect\u00e1reas y adem\u00e1s caus\u00f3 la muerte de 24 personas. Otras regiones chilenas encuadradas en la misma situaci\u00f3n son \u00d1uble y B\u00edo B\u00edo. Por el momento hay poco&#8230;<\/p>\n","protected":false},"author":3,"featured_media":97283,"comment_status":"closed","ping_status":"closed","sticky":false,"template":"","format":"standard","meta":[],"categories":[4],"tags":[],"_links":{"self":[{"href":"https:\/\/www.actualidadadiario.com\/index.php\/wp-json\/wp\/v2\/posts\/97282"}],"collection":[{"href":"https:\/\/www.actualidadadiario.com\/index.php\/wp-json\/wp\/v2\/posts"}],"about":[{"href":"https:\/\/www.actualidadadiario.com\/index.php\/wp-json\/wp\/v2\/types\/post"}],"author":[{"embeddable":true,"href":"https:\/\/www.actualidadadiario.com\/index.php\/wp-json\/wp\/v2\/users\/3"}],"replies":[{"embeddable":true,"href":"https:\/\/www.actualidadadiario.com\/index.php\/wp-json\/wp\/v2\/comments?post=97282"}],"version-history":[{"count":1,"href":"https:\/\/www.actualidadadiario.com\/index.php\/wp-json\/wp\/v2\/posts\/97282\/revisions"}],"predecessor-version":[{"id":97284,"href":"https:\/\/www.actualidadadiario.com\/index.php\/wp-json\/wp\/v2\/posts\/97282\/revisions\/97284"}],"wp:featuredmedia":[{"embeddable":true,"href":"https:\/\/www.actualidadadiario.com\/index.php\/wp-json\/wp\/v2\/media\/97283"}],"wp:attachment":[{"href":"https:\/\/www.actualidadadiario.com\/index.php\/wp-json\/wp\/v2\/media?parent=97282"}],"wp:term":[{"taxonomy":"category","embeddable":true,"href":"https:\/\/www.actualidadadiario.com\/index.php\/wp-json\/wp\/v2\/categories?post=97282"},{"taxonomy":"post_tag","embeddable":true,"href":"https:\/\/www.actualidadadiario.com\/index.php\/wp-json\/wp\/v2\/tags?post=97282"}],"curies":[{"name":"wp","href":"https:\/\/api.w.org\/{rel}","templated":true}]}}