{"id":97280,"date":"2023-02-06T14:24:44","date_gmt":"2023-02-06T17:24:44","guid":{"rendered":"https:\/\/www.actualidadadiario.com\/?p=97280"},"modified":"2023-02-06T14:24:44","modified_gmt":"2023-02-06T17:24:44","slug":"volvieron-a-ratificar-a-la-jueza-capuchetti-en-la-causa-por-el-intento-de-magnicidio-contra-cristina-kirchner","status":"publish","type":"post","link":"https:\/\/www.actualidadadiario.com\/index.php\/2023\/02\/06\/volvieron-a-ratificar-a-la-jueza-capuchetti-en-la-causa-por-el-intento-de-magnicidio-contra-cristina-kirchner\/","title":{"rendered":"Volvieron a ratificar a la jueza Capuchetti en la causa por el intento de magnicidio contra Cristina Kirchner"},"content":{"rendered":"<p style=\"text-align: center;\"><em><strong>El camarista Leopoldo Bruglia, en un fallo unipersonal, reprendi\u00f3 adem\u00e1s a uno de los abogados de la vicepresidenta, Jos\u00e9 Ubeira, y pidi\u00f3 la intervenci\u00f3n del Colegio P\u00fablico de Abogados de la Capital Federal<\/strong><\/em><\/p>\n<p>&nbsp;<\/p>\n<p>&nbsp;<\/p>\n<p>La C\u00e1mara Federal porte\u00f1a volvi\u00f3 a rechazar la recusaci\u00f3n de la vicepresidenta, Cristina Fern\u00e1ndez de Kirchner, contra la jueza Mar\u00eda Eugenia Capuchetti, quien est\u00e1 al frente del expediente por el intento de asesinato en su contra.<\/p>\n<p>El camarista Leopoldo Bruglia, en un fallo unipersonal, no s\u00f3lo desestim\u00f3 la causal de recusaci\u00f3n invocada \u2013un contrato de la jueza con un instituto de investigaci\u00f3n de la Polic\u00eda de la Ciudad- sino que adem\u00e1s reprendi\u00f3 a uno de los abogados de la vicepresidenta, Jos\u00e9 Ubeira.<\/p>\n<p>El fallo descart\u00f3 que \u201cla actividad acad\u00e9mica enunciada pueda determinar un inter\u00e9s en el resultado de este proceso por parte de la Dra. Capuchetti y\/o provocar un temor de parcialidad que amerite su apartamiento\u201d.<\/p>\n<p>Bruglia sostuvo que \u201cel ejercicio de la docencia o la participaci\u00f3n en trabajos de investigaci\u00f3n como los descriptos -en principio- no se encuentran vedados para los magistrados\u201d.<\/p>\n<p>\u201cEn caso de verificarse alguna falencia administrativa y\/o irregularidades en el contexto de posibles incompatibilidades gen\u00e9ricas, su tratamiento resulta extra\u00f1o al instituto invocado y deber\u00eda ser canalizado por dem\u00e1s v\u00edas administrativas espec\u00edficas\u201d, a\u00f1adi\u00f3 el rechazo.<\/p>\n<p>Bruglia embisti\u00f3 contra los abogados de la vicepresidenta al considerar que \u201cdel extenso escrito que dio lugar a esta incidencia se desprenden argumentos ajenos a este proceso y la creaci\u00f3n de hipot\u00e9ticos escenarios alejados de cualquier circunstancia objetivamente comprobable que pueda revestir aptitud suficiente para justificar el apartamiento de un magistrado\u201d.<\/p>\n<p>Pero adem\u00e1s, el fallo dispuso \u201cinstar una nueva advertencia al letrado Jos\u00e9 Manuel Ubeira, abogado de la parte querellante, \u00e9sta vez por la abusiva utilizaci\u00f3n de t\u00e9rminos objetivamente ofensivos y agraviantes hacia un magistrado\u201d.<\/p>\n<p>\u201cAl resultar opiniones carentes de efecto jur\u00eddico alguno, revelan un innecesario exceso en el rol de su ministerio. Corresponde, a todo evento, poner en conocimiento de los hechos al Colegio P\u00fablico de Abogados, al igual que a la Asociaci\u00f3n de Magistrados y Funcionarios de la Naci\u00f3n\u201d, dispuso el camarista federal.<\/p>\n<p>Los abogados Ubeira y Marcos Aldaz\u00e1bal hab\u00edan recusado a Capuchetti por sus supuestas \u201cactividades incompatibles relacionado con una tarea rentada que llevar\u00eda a cabo la Jueza en el Instituto Superior de Seguridad P\u00fablica (ISSP) de la Ciudad Aut\u00f3noma de Buenos Aires desde el a\u00f1o 2014\u201d.<\/p>\n<p>El fallo contradice a los abogados y sostiene que la Polic\u00eda de la Ciudad no est\u00e1 bajo investigaci\u00f3n, pero advierte que \u201ca\u00fan si se diera un contexto procesal diverso, en el cual estuvieran incluidos, el s\u00f3lo desempe\u00f1o acad\u00e9mico tal cual lo describe la parte, tampoco conllevar\u00eda indefectiblemente al supuesto de recusaci\u00f3n en el que se enmarca el planteo\u201d.<\/p>\n","protected":false},"excerpt":{"rendered":"<p>El camarista Leopoldo Bruglia, en un fallo unipersonal, reprendi\u00f3 adem\u00e1s a uno de los abogados de la vicepresidenta, Jos\u00e9 Ubeira, y pidi\u00f3 la intervenci\u00f3n del Colegio P\u00fablico de Abogados de la Capital Federal &nbsp; &nbsp; La C\u00e1mara Federal porte\u00f1a volvi\u00f3 a rechazar la recusaci\u00f3n de la vicepresidenta, Cristina Fern\u00e1ndez de Kirchner, contra la jueza Mar\u00eda Eugenia Capuchetti, quien est\u00e1 al frente del expediente por el intento de asesinato en su contra. El camarista Leopoldo Bruglia, en un fallo unipersonal, no s\u00f3lo desestim\u00f3 la causal de recusaci\u00f3n invocada \u2013un contrato de&#8230;<\/p>\n","protected":false},"author":3,"featured_media":95193,"comment_status":"closed","ping_status":"closed","sticky":false,"template":"","format":"standard","meta":[],"categories":[18],"tags":[],"_links":{"self":[{"href":"https:\/\/www.actualidadadiario.com\/index.php\/wp-json\/wp\/v2\/posts\/97280"}],"collection":[{"href":"https:\/\/www.actualidadadiario.com\/index.php\/wp-json\/wp\/v2\/posts"}],"about":[{"href":"https:\/\/www.actualidadadiario.com\/index.php\/wp-json\/wp\/v2\/types\/post"}],"author":[{"embeddable":true,"href":"https:\/\/www.actualidadadiario.com\/index.php\/wp-json\/wp\/v2\/users\/3"}],"replies":[{"embeddable":true,"href":"https:\/\/www.actualidadadiario.com\/index.php\/wp-json\/wp\/v2\/comments?post=97280"}],"version-history":[{"count":1,"href":"https:\/\/www.actualidadadiario.com\/index.php\/wp-json\/wp\/v2\/posts\/97280\/revisions"}],"predecessor-version":[{"id":97281,"href":"https:\/\/www.actualidadadiario.com\/index.php\/wp-json\/wp\/v2\/posts\/97280\/revisions\/97281"}],"wp:featuredmedia":[{"embeddable":true,"href":"https:\/\/www.actualidadadiario.com\/index.php\/wp-json\/wp\/v2\/media\/95193"}],"wp:attachment":[{"href":"https:\/\/www.actualidadadiario.com\/index.php\/wp-json\/wp\/v2\/media?parent=97280"}],"wp:term":[{"taxonomy":"category","embeddable":true,"href":"https:\/\/www.actualidadadiario.com\/index.php\/wp-json\/wp\/v2\/categories?post=97280"},{"taxonomy":"post_tag","embeddable":true,"href":"https:\/\/www.actualidadadiario.com\/index.php\/wp-json\/wp\/v2\/tags?post=97280"}],"curies":[{"name":"wp","href":"https:\/\/api.w.org\/{rel}","templated":true}]}}