{"id":97277,"date":"2023-02-06T13:44:36","date_gmt":"2023-02-06T16:44:36","guid":{"rendered":"https:\/\/www.actualidadadiario.com\/?p=97277"},"modified":"2023-02-06T13:44:36","modified_gmt":"2023-02-06T16:44:36","slug":"bordet-en-la-entrega-de-viviendas-cumplimos-con-un-derecho-constitucional","status":"publish","type":"post","link":"https:\/\/www.actualidadadiario.com\/index.php\/2023\/02\/06\/bordet-en-la-entrega-de-viviendas-cumplimos-con-un-derecho-constitucional\/","title":{"rendered":"Bordet en la entrega de viviendas: \u201cCumplimos con un derecho constitucional\u201d"},"content":{"rendered":"<p style=\"text-align: center;\"><em><strong>Bordet ponder\u00f3 el federalismo de la gesti\u00f3n de Fern\u00e1ndez durante la entrega de viviendas del complejo Procrear en Paran\u00e1. \u201cA este proyecto pol\u00edtico lo iniciamos juntos y lo continuaremos juntos\u201d, le dijo al Presidente<\/strong><\/em><\/p>\n<p>&nbsp;<\/p>\n<p>&nbsp;<\/p>\n<p>\u201cEste acto est\u00e1 jalonado por un derecho constitucional, como lo es el acceso a la vivienda propia. Hoy cumplimos con ese precepto constitucional para que las 700 familias de este complejo puedan acceder al derecho constitucional de la vivienda\u201d, asegur\u00f3 el gobernador Gustavo Bordet durante la entrega de viviendas del complejo Procrear en Paran\u00e1 que encabez\u00f3 el presidente Alberto Fern\u00e1ndez.<\/p>\n<p>En la oportunidad, el mandatario provincial anunci\u00f3 que se acord\u00f3 la construcci\u00f3n de 401 viviendas en las localidades de Concepci\u00f3n del Uruguay, Villaguay, Santa Anita, Herrera, Federal, Aranguren, Villa Elisa y Lucas Gonz\u00e1lez.<\/p>\n<p>\u201cComenzamos juntos este proyecto pol\u00edtico en 2019 y no fueron tiempos f\u00e1ciles porque hubo m\u00faltiples factores que convergieron y fueron momentos complejos, pero siempre tuvimos su acompa\u00f1amiento en la provincia para afrontar cuestiones que escapan a la l\u00f3gica para gobernar y que irrumpe intempestivamente, como ocurri\u00f3 con la pandemia\u201d, ponder\u00f3 Bordet al valorar el apoyo del Presidente.<\/p>\n<p>Y agreg\u00f3: \u201cCuando Ud. asumi\u00f3 la mayor\u00eda de las provincias ten\u00edamos d\u00e9ficits estructurales fiscales, y hoy la mayor\u00eda de las provincias argentinas tienen ordenadas fiscalmente sus cuentas; y ese es un m\u00e9rito de su gobierno porque gener\u00f3 la transferencia de recursos necesaria para que todas las provincias argentinas tengan viabilidad, y eso es federalismo en primera persona\u201d.<\/p>\n<p>\u201cA este proceso pol\u00edtico que comenzamos juntos, lo continuaremos juntos porque as\u00ed nos votaron los ciudadanos para ejercer nuestros cargos p\u00fablicos y de ese mismo modo continuaremos trabajando\u201d, sentenci\u00f3 el mandatario entrerriano.<\/p>\n<p>En el complejo habitacional Procrear de Paran\u00e1, en total, habr\u00e1 713 viviendas, y se construyen, en un predio cercano, 500 casas m\u00e1s. \u201cSer\u00e1n 1.213 viviendas, pr\u00e1cticamente, una ciudad, porque ser\u00e1n unas cinco mil personas las que vivir\u00e1n aqu\u00ed, lo que genera el acceso a un derecho constitucional y un gran desaf\u00edo para llegar con los servicios\u201d, mencion\u00f3 y destac\u00f3 el trabajo de la gesti\u00f3n municipal a cargo del intendente Ad\u00e1n Bahl para garantizarlos. \u201cLa obra p\u00fablica debe ir acompa\u00f1ada del desarrollo social y humano\u201d, fundament\u00f3.<\/p>\n<p>\u201cEn nuestras gestiones reparamos estos derechos, centramos todas las acciones para darles a nuestros vecinos m\u00e1s y mejor calidad de vida, todos los d\u00edas\u201d, subray\u00f3 Bordet y record\u00f3 el lanzamiento del programa provincial para la construcci\u00f3n de viviendas en Entre R\u00edos, al inicio de la gesti\u00f3n a su cargo. \u201cEntre ese programa provincial y el nacional, se construyen m\u00e1s de seis mil viviendas en Entre R\u00edos\u201d, remarc\u00f3.<\/p>\n","protected":false},"excerpt":{"rendered":"<p>Bordet ponder\u00f3 el federalismo de la gesti\u00f3n de Fern\u00e1ndez durante la entrega de viviendas del complejo Procrear en Paran\u00e1. \u201cA este proyecto pol\u00edtico lo iniciamos juntos y lo continuaremos juntos\u201d, le dijo al Presidente &nbsp; &nbsp; \u201cEste acto est\u00e1 jalonado por un derecho constitucional, como lo es el acceso a la vivienda propia. Hoy cumplimos con ese precepto constitucional para que las 700 familias de este complejo puedan acceder al derecho constitucional de la vivienda\u201d, asegur\u00f3 el gobernador Gustavo Bordet durante la entrega de viviendas del complejo Procrear en Paran\u00e1&#8230;<\/p>\n","protected":false},"author":3,"featured_media":97278,"comment_status":"closed","ping_status":"closed","sticky":false,"template":"","format":"standard","meta":[],"categories":[9,15],"tags":[],"_links":{"self":[{"href":"https:\/\/www.actualidadadiario.com\/index.php\/wp-json\/wp\/v2\/posts\/97277"}],"collection":[{"href":"https:\/\/www.actualidadadiario.com\/index.php\/wp-json\/wp\/v2\/posts"}],"about":[{"href":"https:\/\/www.actualidadadiario.com\/index.php\/wp-json\/wp\/v2\/types\/post"}],"author":[{"embeddable":true,"href":"https:\/\/www.actualidadadiario.com\/index.php\/wp-json\/wp\/v2\/users\/3"}],"replies":[{"embeddable":true,"href":"https:\/\/www.actualidadadiario.com\/index.php\/wp-json\/wp\/v2\/comments?post=97277"}],"version-history":[{"count":1,"href":"https:\/\/www.actualidadadiario.com\/index.php\/wp-json\/wp\/v2\/posts\/97277\/revisions"}],"predecessor-version":[{"id":97279,"href":"https:\/\/www.actualidadadiario.com\/index.php\/wp-json\/wp\/v2\/posts\/97277\/revisions\/97279"}],"wp:featuredmedia":[{"embeddable":true,"href":"https:\/\/www.actualidadadiario.com\/index.php\/wp-json\/wp\/v2\/media\/97278"}],"wp:attachment":[{"href":"https:\/\/www.actualidadadiario.com\/index.php\/wp-json\/wp\/v2\/media?parent=97277"}],"wp:term":[{"taxonomy":"category","embeddable":true,"href":"https:\/\/www.actualidadadiario.com\/index.php\/wp-json\/wp\/v2\/categories?post=97277"},{"taxonomy":"post_tag","embeddable":true,"href":"https:\/\/www.actualidadadiario.com\/index.php\/wp-json\/wp\/v2\/tags?post=97277"}],"curies":[{"name":"wp","href":"https:\/\/api.w.org\/{rel}","templated":true}]}}