{"id":97272,"date":"2023-02-06T13:42:43","date_gmt":"2023-02-06T16:42:43","guid":{"rendered":"https:\/\/www.actualidadadiario.com\/?p=97272"},"modified":"2023-02-06T13:42:43","modified_gmt":"2023-02-06T16:42:43","slug":"covid-entre-rios-recibio-28-000-dosis-de-las-nuevas-vacunas-bivalentes","status":"publish","type":"post","link":"https:\/\/www.actualidadadiario.com\/index.php\/2023\/02\/06\/covid-entre-rios-recibio-28-000-dosis-de-las-nuevas-vacunas-bivalentes\/","title":{"rendered":"COVID: Entre R\u00edos recibi\u00f3 28.000 dosis de las nuevas vacunas bivalentes"},"content":{"rendered":"<p style=\"text-align: center;\"><em><strong>Desde el Ministerio de Salud de Entre R\u00edos confirmaron la llegada de un total de 28.000 nuevas dosis de la vacuna bivalente e indicaron de qu\u00e9 se trata esta nueva versi\u00f3n<\/strong><\/em><\/p>\n<p>&nbsp;<\/p>\n<p>&nbsp;<\/p>\n<p>El subsecretario de Redes Integradas de Servicios de Salud de Entre R\u00edos, Marcos Bachetti, explic\u00f3 que \u201cesta segunda generaci\u00f3n de vacunas para Covid que llegaron al pa\u00eds son de la marca Pfizer y tienen la particularidad de tener que almacenarse a temperaturas de ultra fr\u00edo, por la que las tenemos en almacenamiento a 70 \u00b0C bajo cero\u201d.<\/p>\n<p>Debido a esto, mencion\u00f3 que \u201cdurante la distribuci\u00f3n de estas vacunas, cuando salgan de la cadena de fr\u00edo, la fecha de vencimiento no ser\u00e1 la del paquete, sino que correr\u00e1n 60-70 d\u00edas a temperatura de heladera\u201d, por lo que \u201ctendremos que ver toda la organizaci\u00f3n log\u00edstica, dado que los laboratorios de la provincia no tienen las condiciones t\u00e9cnicas para tener un ultra freezer, una aparatolog\u00eda en uso en muy pocos lugares\u201d.<\/p>\n<p>&nbsp;<\/p>\n<p><strong>\u00bfQu\u00e9 es una vacuna bivalente?<\/strong><\/p>\n<p>Al respecto, Bachetti precis\u00f3 que se trata de \u201cuna vacuna que, si bien tiene el mismo formato que la original, est\u00e1 hecha para dos variantes: en este caso, se utiliza para la variante original, la primera que vino del Covid, y para la variante que m\u00e1s circula a nivel mundial hoy en d\u00eda, que es la Omicr\u00f3n\u201d.<\/p>\n<p>De esta manera, en una sola vacuna \u201chay alta efectividad para actuar sobre la variante original y la variante Omicr\u00f3n\u201d, que es la que \u201cest\u00e1 circulando en Argentina de forma mayoritaria\u201d.<\/p>\n<p>&nbsp;<\/p>\n<p><strong>Poblaci\u00f3n destinada<\/strong><\/p>\n<p>En esta primera instancia, Bachetti reconoci\u00f3 que \u201cla vamos a priorizar a las personas de mayor riesgo\u201d, dado que \u201csi bien estamos aplicando los refuerzos en todos nuestros vacunatorios, sigue llegando gente a aplicarse el inicio del esquema\u201d y \u201cla indicaci\u00f3n para nuestros vacunatorios, es que el inicio del esquema lo hagan con las dosis de vacunas originales que tenemos, la Moderna y la Pfizer\u201d.<\/p>\n<p>Adem\u00e1s, indic\u00f3 que \u201cla gente que realmente se preocup\u00f3 por hacerse los refuerzos, tendr\u00e1 uno hecho en los \u00faltimos 2 meses\u201d, por lo que \u201ctendr\u00e1 que seguir esperando los 120 d\u00edas\u201d requeridos para \u201caplicarse la bivalente\u201d. Asimismo, reconoci\u00f3 que \u201cpuede que aparezcan personas que deber\u00edan tener su refuerzo hace 7-8 meses\u201d durante las jornadas abiertas sin criterio, pero \u201cteniendo en cuenta que solo entraron 28.000 dosis, tendremos que dar una prioridad a quienes m\u00e1s la necesitan\u201d.<\/p>\n<p>&nbsp;<\/p>\n<p><strong>Vacunas a futuro<\/strong><\/p>\n<p>Por \u00faltimo, el entrevistado coment\u00f3 que \u201ca partir de ahora, tenemos entendido que las vacunas que lleguen al pa\u00eds ser\u00e1n vacunas bivalentes\u201d. Incluso, mencion\u00f3 que \u201csi bien ahora lleg\u00f3 de la marca Pfizer, tenemos entendido que pr\u00f3ximamente podr\u00e1n llegar de la marca Moderna\u201d.<\/p>\n<p>A su vez, precis\u00f3 que, en vista de la campa\u00f1a de vacunaci\u00f3n de invierno, en donde se aplica la vacuna antigripal, \u201cestamos pensando un dise\u00f1o de una campa\u00f1a mixta, teniendo en cuenta lo log\u00edstico y que a la gente se le haga m\u00e1s sencillo vacunarse en una sola jornada\u201d.<\/p>\n<p>No obstante, puntualiz\u00f3 que \u201cdesde el Ministerio tenemos que darnos nuestra organizaci\u00f3n\u201d, dado que \u201csomos responsables de administrar los recursos y de cuidarlos, por lo que esta vacuna va a llegar a todos los puntos de Entre R\u00edos\u201d.<\/p>\n","protected":false},"excerpt":{"rendered":"<p>Desde el Ministerio de Salud de Entre R\u00edos confirmaron la llegada de un total de 28.000 nuevas dosis de la vacuna bivalente e indicaron de qu\u00e9 se trata esta nueva versi\u00f3n &nbsp; &nbsp; El subsecretario de Redes Integradas de Servicios de Salud de Entre R\u00edos, Marcos Bachetti, explic\u00f3 que \u201cesta segunda generaci\u00f3n de vacunas para Covid que llegaron al pa\u00eds son de la marca Pfizer y tienen la particularidad de tener que almacenarse a temperaturas de ultra fr\u00edo, por la que las tenemos en almacenamiento a 70 \u00b0C bajo cero\u201d&#8230;.<\/p>\n","protected":false},"author":3,"featured_media":96929,"comment_status":"closed","ping_status":"closed","sticky":false,"template":"","format":"standard","meta":[],"categories":[9,15],"tags":[],"_links":{"self":[{"href":"https:\/\/www.actualidadadiario.com\/index.php\/wp-json\/wp\/v2\/posts\/97272"}],"collection":[{"href":"https:\/\/www.actualidadadiario.com\/index.php\/wp-json\/wp\/v2\/posts"}],"about":[{"href":"https:\/\/www.actualidadadiario.com\/index.php\/wp-json\/wp\/v2\/types\/post"}],"author":[{"embeddable":true,"href":"https:\/\/www.actualidadadiario.com\/index.php\/wp-json\/wp\/v2\/users\/3"}],"replies":[{"embeddable":true,"href":"https:\/\/www.actualidadadiario.com\/index.php\/wp-json\/wp\/v2\/comments?post=97272"}],"version-history":[{"count":1,"href":"https:\/\/www.actualidadadiario.com\/index.php\/wp-json\/wp\/v2\/posts\/97272\/revisions"}],"predecessor-version":[{"id":97273,"href":"https:\/\/www.actualidadadiario.com\/index.php\/wp-json\/wp\/v2\/posts\/97272\/revisions\/97273"}],"wp:featuredmedia":[{"embeddable":true,"href":"https:\/\/www.actualidadadiario.com\/index.php\/wp-json\/wp\/v2\/media\/96929"}],"wp:attachment":[{"href":"https:\/\/www.actualidadadiario.com\/index.php\/wp-json\/wp\/v2\/media?parent=97272"}],"wp:term":[{"taxonomy":"category","embeddable":true,"href":"https:\/\/www.actualidadadiario.com\/index.php\/wp-json\/wp\/v2\/categories?post=97272"},{"taxonomy":"post_tag","embeddable":true,"href":"https:\/\/www.actualidadadiario.com\/index.php\/wp-json\/wp\/v2\/tags?post=97272"}],"curies":[{"name":"wp","href":"https:\/\/api.w.org\/{rel}","templated":true}]}}