{"id":97268,"date":"2023-02-06T13:41:29","date_gmt":"2023-02-06T16:41:29","guid":{"rendered":"https:\/\/www.actualidadadiario.com\/?p=97268"},"modified":"2023-02-06T13:41:29","modified_gmt":"2023-02-06T16:41:29","slug":"se-inicio-el-pago-de-becas-provinciales-a-estudiantes-secundarios","status":"publish","type":"post","link":"https:\/\/www.actualidadadiario.com\/index.php\/2023\/02\/06\/se-inicio-el-pago-de-becas-provinciales-a-estudiantes-secundarios\/","title":{"rendered":"Se inici\u00f3 el pago de becas provinciales a estudiantes secundarios"},"content":{"rendered":"<p style=\"text-align: center;\"><em><strong>El Instituto Becario inform\u00f3 el pago de las becas de nivel secundario, correspondiente al mes de febrero. El cronograma se extender\u00e1 desde este lunes 6 hasta el viernes 10 inclusive, seg\u00fan la terminaci\u00f3n del DNI del titular del cobro<\/strong><\/em><\/p>\n<p>&nbsp;<\/p>\n<p>&nbsp;<\/p>\n<p>&nbsp;<\/p>\n<p>Este lunes 6 de febrero inici\u00f3 el pago de las becas provinciales para estudiantes secundarios. En este sentido, el director ejecutivo del Becario, Sebasti\u00e1n B\u00e9rtoli, se\u00f1al\u00f3 que &#8220;este es el ante\u00faltimo mes de cobro para los estudiantes secundarios que obtuvieron su beca en 2022&#8221;.<\/p>\n<p>\u201cEstamos en contacto con los estudiantes constantemente a los fines de que puedan hacer las consultas que consideren necesarias para su beneficio provincial. En 2022 llegamos a m\u00e1s de 45000 estudiantes de todos los niveles a trav\u00e9s de becas y servicios\u201d, sintetiz\u00f3 B\u00e9rtoli. En suma inform\u00f3 que pr\u00f3ximamente se dar\u00e1 a conocer la fecha de apertura de inscripciones para becas secundarias, tanto nuevas como renovaciones.<\/p>\n<p>El funcionario record\u00f3 que el periodo de pago para los estudiantes del nivel estudiantes secundarios el pago de las becas se extiende de mayo a noviembre (2022) y luego febrero y marzo (2023). Mientras que para los estudiantes terciarios y universitarios el periodo de pago tambi\u00e9n comprende nueve meses, distribuidos de la siguiente manera: de agosto a diciembre (2022) y de marzo a junio (2023).<\/p>\n<p>Seguidamente, se\u00f1al\u00f3 que el cronograma se establece seg\u00fan la terminaci\u00f3n del DNI de la persona titular del cobro. De manera que el cronograma qued\u00f3 establecido de la siguiente manera:<\/p>\n<p>Lunes 6: terminaci\u00f3n del DNI en 0 y 1<\/p>\n<p>Martes 7: terminaci\u00f3n de DNI en 2 y 3<\/p>\n<p>Mi\u00e9rcoles 8: terminaci\u00f3n de DNI en 4 y 5<\/p>\n<p>Jueves 9: terminaci\u00f3n de DNI en 6 y 7<\/p>\n<p>Viernes 10: terminaci\u00f3n de DNI 8 y 9<\/p>\n<p>Desde el organismo provincial recordaron tambi\u00e9n que para recibir su beneficio lo hacen sin asistir al banco sino directamente desde un cajero con la tarjeta correspondiente. De igual modo recomendaron que quienes presenten alg\u00fan inconveniente con la acreditaci\u00f3n de su beneficio provincial pueden comunicarse con el Becario v\u00eda chat (lunes a viernes de 9 a 13), Casa Central de lunes a viernes de 8 a 13 ubicada en San Mart\u00edn 458 de Paran\u00e1, o en las delegaciones departamentales.<\/p>\n","protected":false},"excerpt":{"rendered":"<p>El Instituto Becario inform\u00f3 el pago de las becas de nivel secundario, correspondiente al mes de febrero. El cronograma se extender\u00e1 desde este lunes 6 hasta el viernes 10 inclusive, seg\u00fan la terminaci\u00f3n del DNI del titular del cobro &nbsp; &nbsp; &nbsp; Este lunes 6 de febrero inici\u00f3 el pago de las becas provinciales para estudiantes secundarios. En este sentido, el director ejecutivo del Becario, Sebasti\u00e1n B\u00e9rtoli, se\u00f1al\u00f3 que &#8220;este es el ante\u00faltimo mes de cobro para los estudiantes secundarios que obtuvieron su beca en 2022&#8221;. \u201cEstamos en contacto con&#8230;<\/p>\n","protected":false},"author":3,"featured_media":90456,"comment_status":"closed","ping_status":"closed","sticky":false,"template":"","format":"standard","meta":[],"categories":[15],"tags":[],"_links":{"self":[{"href":"https:\/\/www.actualidadadiario.com\/index.php\/wp-json\/wp\/v2\/posts\/97268"}],"collection":[{"href":"https:\/\/www.actualidadadiario.com\/index.php\/wp-json\/wp\/v2\/posts"}],"about":[{"href":"https:\/\/www.actualidadadiario.com\/index.php\/wp-json\/wp\/v2\/types\/post"}],"author":[{"embeddable":true,"href":"https:\/\/www.actualidadadiario.com\/index.php\/wp-json\/wp\/v2\/users\/3"}],"replies":[{"embeddable":true,"href":"https:\/\/www.actualidadadiario.com\/index.php\/wp-json\/wp\/v2\/comments?post=97268"}],"version-history":[{"count":1,"href":"https:\/\/www.actualidadadiario.com\/index.php\/wp-json\/wp\/v2\/posts\/97268\/revisions"}],"predecessor-version":[{"id":97269,"href":"https:\/\/www.actualidadadiario.com\/index.php\/wp-json\/wp\/v2\/posts\/97268\/revisions\/97269"}],"wp:featuredmedia":[{"embeddable":true,"href":"https:\/\/www.actualidadadiario.com\/index.php\/wp-json\/wp\/v2\/media\/90456"}],"wp:attachment":[{"href":"https:\/\/www.actualidadadiario.com\/index.php\/wp-json\/wp\/v2\/media?parent=97268"}],"wp:term":[{"taxonomy":"category","embeddable":true,"href":"https:\/\/www.actualidadadiario.com\/index.php\/wp-json\/wp\/v2\/categories?post=97268"},{"taxonomy":"post_tag","embeddable":true,"href":"https:\/\/www.actualidadadiario.com\/index.php\/wp-json\/wp\/v2\/tags?post=97268"}],"curies":[{"name":"wp","href":"https:\/\/api.w.org\/{rel}","templated":true}]}}