{"id":97263,"date":"2023-02-06T13:39:52","date_gmt":"2023-02-06T16:39:52","guid":{"rendered":"https:\/\/www.actualidadadiario.com\/?p=97263"},"modified":"2023-02-06T13:39:52","modified_gmt":"2023-02-06T16:39:52","slug":"con-precios-justos-extendido-massa-trabaja-en-medidas-que-lleguen-a-la-carne-el-turismo-y-las-paritarias","status":"publish","type":"post","link":"https:\/\/www.actualidadadiario.com\/index.php\/2023\/02\/06\/con-precios-justos-extendido-massa-trabaja-en-medidas-que-lleguen-a-la-carne-el-turismo-y-las-paritarias\/","title":{"rendered":"Con Precios Justos extendido, Massa trabaja en medidas que lleguen a la carne, el turismo y las paritarias"},"content":{"rendered":"<p style=\"text-align: center;\"><em><strong>Luego de relanzar el programa, que ahora incluye topes de aumentos del 3,2% para 15 sectores de la econom\u00eda, esta semana Massa presentar\u00e1 medidas para contener el precio de la carne. Trabajan en acuerdos para frutas, verduras y turismo. La semana que viene podr\u00eda haber reuni\u00f3n con la CGT para moderar la nominalidad en paritarias<\/strong><\/em><\/p>\n<p>&nbsp;<\/p>\n<p>&nbsp;<\/p>\n<p>&nbsp;<\/p>\n<p>El ministro de Econom\u00eda, Sergio Massa, continuar\u00e1 con la b\u00fasqueda para alcanzar un gran acuerdo de precios que pueda descomprimir las expectativas de inflaci\u00f3n, que contin\u00faan en casi 100% para 2023, seg\u00fan las consultoras privadas. Tras el anuncio el viernes pasado de Precios Justos, que marca topes de aumentos de 3,2% para 15 sectores de la econom\u00eda, esta semana habr\u00e1 nuevas medidas para la carne y los colegios privados. Adem\u00e1s, durante febrero habr\u00e1 novedades para el sector del turismo y de las frutas y verduras. En cuanto a los salarios, podr\u00eda haber una reuni\u00f3n clave entre Massa y la CGT la semana que viene.<\/p>\n<p>Esta semana se anunciar\u00e1n medidas para contener el precio de la carne, que arranc\u00f3 2023 con importantes subas, luego de que en 2022 trepara 30 puntos por debajo de la inflaci\u00f3n producto de la sequ\u00eda. Trabajan desde Econom\u00eda la Secretar\u00eda de Agricultura, de Juan Jos\u00e9 Bahillo, y de Comercio Interior, de Mat\u00edas Tombolini, en conjunto con la AFIP, de Carlos Castagnetto.<\/p>\n<p>Para los consumidores, habr\u00e1 un descuento del 10% en la compra en carnicer\u00edas. Para eso, se les entregar\u00e1 a los locales un posnet y el cliente deber\u00e1 pagar con la tarjeta de d\u00e9bito, en donde se ver\u00e1 acreditado de forma directa en la cuenta del cliente $100 de cada $1000 gastados. \u201cAl comprador el descuento se le hace autom\u00e1ticamente y se le acredita directo en su cuenta\u201d, explicaron fuentes oficiales.<\/p>\n<p>Adem\u00e1s del alivio al bolsillo, la AFIP tiene un inter\u00e9s en llegar a un sector que se estima que se maneja en un nivel \u201calt\u00edsimo\u201d de ventas informales. Todos los acuerdos con la carne se ven\u00edan llevando a cabo con los supermercados, y no llegaban a comercios de cercan\u00eda. El incentivo a la carnicer\u00eda es que si adhiere, va a tener un descuento del 90% en la cuota mensual de la categor\u00eda de aut\u00f3nomos. El plazo de duraci\u00f3n del sistema ser\u00e1 por 1 a\u00f1o. La tercera medida ser\u00e1 intentar ampliar la oferta. A productores de hasta 70 cabezas se les pagar\u00e1 la mitad de los costos de engorde de lo que se vaya a faenar en feedlots.<\/p>\n<p>Tambi\u00e9n podr\u00eda surgir alguna otra medida en la pr\u00f3xima reuni\u00f3n que se realizar\u00e1 con frigor\u00edficos exportadores, que se prev\u00e9 tensa. Ped\u00edan flexibilizar la medida que proh\u00edbe exportar 7 cortes durante todo 2023, pero seg\u00fan pudo saber \u00c1mbito, va a continuar. Adem\u00e1s, Econom\u00eda les recriminar\u00e1 las \u201ctrampas\u201d: existe una denuncia judicial por subfacturaci\u00f3n de exportaciones que deriv\u00f3 en una millonaria evasi\u00f3n. Sin una referencia puntual al tema, Massa mencion\u00f3 en el CCK: \u201cTenemos el desaf\u00edo de retener vientres, aumentar faena, engordar ganado y aumentar la oferta. Y desnudar a aquellos que le hacen trampa al Estado, porque la subfacturaci\u00f3n es un elemento distorsivo para el mercado interno\u201d.<\/p>\n<p>&nbsp;<\/p>\n<p><strong>Acuerdo de salarios <\/strong><\/p>\n<p>Fuentes de la CGT anticiparon que a mediados de febrero prev\u00e9n reunirse con Massa, a \u201cagenda abierta\u201d. Si bien el Gobierno asegura que \u201cno fija techos paritarios\u201d, la central sindical espera que haya un pedido de moderar la nominalidad. Los sindicatos aceptar\u00e1n solo para los casos en donde los acuerdos queden \u201ca revisi\u00f3n\u201d, con reaperturas en el segundo semestre. Este jueves habr\u00e1 una reuni\u00f3n en el Ministerio de Trabajo por la paritaria de bancarios, clave para marcar el comienzo del a\u00f1o electoral, de un gremio fuerte, cuyo l\u00edder (Sergio Palazzo) es muy cercano a la vicepresidenta Cristina Kirchner.<\/p>\n<p>La relaci\u00f3n entre Massa y la CGT \u201cest\u00e1 muy bien\u201d, aseguran en Econom\u00eda. Fue H\u00e9ctor Daer, titular de la CGT, quien abri\u00f3 los discursos en el anuncio de Precios Justos. Le habl\u00f3 al \u201ccompa\u00f1ero Sergio\u201d, y si bien asegur\u00f3 que no resignar\u00e1n \u201cnunca la libertad de paritarias\u201d, tambi\u00e9n agreg\u00f3: \u201cComo tenemos historia en el movimiento obrero, vamos a ir con la responsabilidad necesaria para que estas iniciativas tengan \u00e9xito\u201d.<\/p>\n<p>Tambi\u00e9n Daniel Funes de Rioja, presidente de la UIA, dijo en su discurso en el CCK que es un \u201cdefensor\u201d de las paritarias, pero tambi\u00e9n se dirigi\u00f3 a los sindicatos: \u201cDe la parte empresaria contribuimos a la previsibilidad, pero este es un esfuerzo que hay que hacer entre todos, ustedes dir\u00e1n, \u00bfqu\u00e9 va a pasar con las paritarias? Yo conf\u00edo que nos vamos a sentar, habr\u00e1 raspones, pero buscaremos soluciones\u201d.<\/p>\n<p>&nbsp;<\/p>\n<p><strong>Colegios, Turismo y Frescos <\/strong><\/p>\n<p>En el anuncio por la renovaci\u00f3n de Precios Justos, Massa anticip\u00f3 que esta semana habr\u00e1 m\u00e1s medidas. Para el caso de los colegios, indic\u00f3 que este mi\u00e9rcoles el Consejo Federal de Educaci\u00f3n establecer\u00e1 un criterio \u00fanico para todo el pa\u00eds con aumentos autorizados para las cuotas con un sendero del 3,5%.<\/p>\n<p>Para el caso de las frutas y verduras, Massa indic\u00f3: \u201cEstamos asistiendo a productores por la sequ\u00eda y las heladas, lo cual impacta en el gasto de las familias. Habr\u00e1 un abordaje en el Mercado Central con este tema\u201d. Aunque hubo alguna idea de incluir frutas y verduras en Precios Justos en supermercados, finalmente no avanz\u00f3.<\/p>\n<p>Solo en 2022, las frutas aumentaron 129,1% y las verduras 174,4%, seg\u00fan el Indec, y en enero volvieron a encabezar. Funes de Rioja, presidente de la c\u00e1mara que agrupa a las alimenticias (Copal), hizo referencia a este punto durante su discurso, para defender a las empresas que representa: \u201cPrecios a la salida de f\u00e1brica sube menos que precios al consumidor. Y marco que frutas, verduras y carnes van a incidir, y son factores que no podemos influir nosotros\u201d.<\/p>\n<p>Con respecto al turismo, este mes habr\u00e1 reuniones entre el Gobierno y empresarios del sector para delinear un acuerdo de precios para el pr\u00f3ximo Previaje. Las medidas se tomar\u00e1n en febrero dado que en marzo se abre la inscripci\u00f3n a prestadores y la ventana de ventas a los turistas, que podr\u00e1n viajar en mayo y junio.<\/p>\n","protected":false},"excerpt":{"rendered":"<p>Luego de relanzar el programa, que ahora incluye topes de aumentos del 3,2% para 15 sectores de la econom\u00eda, esta semana Massa presentar\u00e1 medidas para contener el precio de la carne. Trabajan en acuerdos para frutas, verduras y turismo. La semana que viene podr\u00eda haber reuni\u00f3n con la CGT para moderar la nominalidad en paritarias &nbsp; &nbsp; &nbsp; El ministro de Econom\u00eda, Sergio Massa, continuar\u00e1 con la b\u00fasqueda para alcanzar un gran acuerdo de precios que pueda descomprimir las expectativas de inflaci\u00f3n, que contin\u00faan en casi 100% para 2023, seg\u00fan&#8230;<\/p>\n","protected":false},"author":3,"featured_media":94676,"comment_status":"closed","ping_status":"closed","sticky":false,"template":"","format":"standard","meta":[],"categories":[18],"tags":[],"_links":{"self":[{"href":"https:\/\/www.actualidadadiario.com\/index.php\/wp-json\/wp\/v2\/posts\/97263"}],"collection":[{"href":"https:\/\/www.actualidadadiario.com\/index.php\/wp-json\/wp\/v2\/posts"}],"about":[{"href":"https:\/\/www.actualidadadiario.com\/index.php\/wp-json\/wp\/v2\/types\/post"}],"author":[{"embeddable":true,"href":"https:\/\/www.actualidadadiario.com\/index.php\/wp-json\/wp\/v2\/users\/3"}],"replies":[{"embeddable":true,"href":"https:\/\/www.actualidadadiario.com\/index.php\/wp-json\/wp\/v2\/comments?post=97263"}],"version-history":[{"count":1,"href":"https:\/\/www.actualidadadiario.com\/index.php\/wp-json\/wp\/v2\/posts\/97263\/revisions"}],"predecessor-version":[{"id":97264,"href":"https:\/\/www.actualidadadiario.com\/index.php\/wp-json\/wp\/v2\/posts\/97263\/revisions\/97264"}],"wp:featuredmedia":[{"embeddable":true,"href":"https:\/\/www.actualidadadiario.com\/index.php\/wp-json\/wp\/v2\/media\/94676"}],"wp:attachment":[{"href":"https:\/\/www.actualidadadiario.com\/index.php\/wp-json\/wp\/v2\/media?parent=97263"}],"wp:term":[{"taxonomy":"category","embeddable":true,"href":"https:\/\/www.actualidadadiario.com\/index.php\/wp-json\/wp\/v2\/categories?post=97263"},{"taxonomy":"post_tag","embeddable":true,"href":"https:\/\/www.actualidadadiario.com\/index.php\/wp-json\/wp\/v2\/tags?post=97263"}],"curies":[{"name":"wp","href":"https:\/\/api.w.org\/{rel}","templated":true}]}}