{"id":97261,"date":"2023-02-06T13:38:57","date_gmt":"2023-02-06T16:38:57","guid":{"rendered":"https:\/\/www.actualidadadiario.com\/?p=97261"},"modified":"2023-02-06T13:38:57","modified_gmt":"2023-02-06T16:38:57","slug":"sin-macri-la-mesa-de-juntos-por-el-cambio-se-reune-otra-vez-para-evitar-la-ruptura-en-hasta-siete-provincias","status":"publish","type":"post","link":"https:\/\/www.actualidadadiario.com\/index.php\/2023\/02\/06\/sin-macri-la-mesa-de-juntos-por-el-cambio-se-reune-otra-vez-para-evitar-la-ruptura-en-hasta-siete-provincias\/","title":{"rendered":"Sin Macri, la mesa de Juntos por el Cambio se re\u00fane otra vez para evitar la ruptura en hasta siete provincias"},"content":{"rendered":"<p style=\"text-align: center;\"><em><strong>Mientras el l\u00edder del PRO se encuentra en Cumel\u00e9n, su country de Villa La Angostura, los principales referentes opositores se re\u00fanen en Buenos Aires para analizar los riesgos que implican ir fracturados a las elecciones provinciales en, hasta ahora, siete provincias. Qu\u00e9 otros temas debatir\u00e1n<\/strong><\/em><\/p>\n<p>&nbsp;<\/p>\n<p>&nbsp;<\/p>\n<p>En medio de los fogonazos de la interna y con el calendario electoral pis\u00e1ndole los talones, la Mesa Nacional de Juntos por el Cambio se re\u00fane este mediod\u00eda para intentar evitar la ruptura en hasta siete provincias que elegir\u00e1n sus autoridades locales antes de la elecci\u00f3n nacional.<\/p>\n<p>La cumbre ser\u00e1 a partir de las 12, en La Escondida de Palermo, y el temario girar\u00e1 en torno a diferentes ejes, entre ellos,\u00a0 la ofensiva al juicio pol\u00edtico contra la Corte Suprema de Justicia; la situaci\u00f3n econ\u00f3mica del pa\u00eds, lo que incluir\u00e1 cr\u00edticas al ministro de Econom\u00eda, Sergio Massa por la presunta \u201cbomba econ\u00f3mica\u201d que, seg\u00fan Mauricio Macri, le estar\u00eda dejando al pr\u00f3ximo gobierno. Pero principalmente la mesa opositora analizar\u00e1 la situaci\u00f3n de la coalici\u00f3n en las provincias que tendr\u00e1n votaciones de gobernadores previas a las elecciones nacionales.<\/p>\n<p>Lo m\u00e1s llamativo ser\u00e1 la ausencia del l\u00edder Mauricio Macri, que tras visitar La Pampa el fin de semana para apoyar a Mart\u00edn Maquieyra como candidato a gobernador, regres\u00f3 a Cumel\u00e9n, el country de Villa\u00a0 La Angostura donde viene pasando sus vacaciones y mantiene diversas reuniones de trabajo. Aunque no est\u00e1 confirmado, se rumorea que el ex presidente podr\u00eda salir por Zoom para participar del debate.<\/p>\n<p>La semana pasada, los presidentes de los cuatro principales partidos de Juntos por el Cambio, Patricia Bullrich (PRO), Gerardo Morales (UCR), Maximiliano Ferraro (Coalici\u00f3n C\u00edvica) y Miguel \u00c1ngel Pichetto (Encuentro Republicano Federal) se reunieron en la sede del PRO y resolvieron que quienes no cumplan con el reglamento previsto para definir las internas en los distritos donde no haya PASO \u201cser\u00e1n sancionados y no podr\u00e1n utilizar las siglas de Juntos por el Cambio en alianzas, colectoras o lemas\u201d.<\/p>\n<p>En noviembre del a\u00f1o pasado, la Mesa Nacional hab\u00eda definido que en aquellas provincias en las que no haya PASO se realizar\u00e1n internas abiertas (donde votan afiliados del espacio y votantes independientes) para definir las candidaturas, siempre que no pueda solucionarse por consenso o por encuestas, pero en las \u00faltimas semanas empezaron a verse diferencias y tirones en m\u00e1s de seis distritos que podr\u00edan llevar a la coalici\u00f3n a ir dividida en las elecciones locales.<\/p>\n<p>Tras las elecciones en La Pampa este 12 de febrero- donde todo el PRO marca su unidad detr\u00e1s de Maquieyra, el candidato larretista, y toda la UCR\u00a0 apoyar\u00e1 a Mart\u00edn Berhongaray- llegar\u00e1n el pr\u00f3ximo 16 de abril las elecciones provinciales de Neuqu\u00e9n y R\u00edo Negro que elegir\u00e1n a sus gobernadores sin PASO previa. Y Juntos por el Cambio ya se muestra dividido en ambas provincias.<\/p>\n<p>En Neuqu\u00e9n, el PRO acompa\u00f1a la candidatura de Rolando Figueroa, quien dej\u00f3 recientemente el Movimiento Popular Neuquino que hoy gobierna la provincia. Adem\u00e1s, el hasta ahora presidente de la UCR local, Juan Pel\u00e1ez, renunci\u00f3 a su cargo partidario para ser el candidato a intendente de la capital de ese nuevo espacio. Sin embargo, el grueso de la UCR y la Coalici\u00f3n C\u00edvica respaldan la candidatura de Pablo Cervi, de Evoluci\u00f3n, sector radical que lidera Mart\u00edn Lousteau.<\/p>\n<p>En R\u00edo Negro, la UCR avanz\u00f3 en un acuerdo electoral con el oficialismo local, que lidera el senador nacional y exgobernador Alberto Weretilneck, y terminar\u00eda yendo en un espacio con La C\u00e1mpora, ya que el senador cristinista Mart\u00edn Do\u00f1ate tambi\u00e9n cerr\u00f3 un acuerdo con el exmandatario rionegrino.<\/p>\n<p>Mientras que el PRO y la Coalici\u00f3n C\u00edvica Ari respaldan al hoy diputado nacional An\u00edbal Tortoriello. El legislador es de poco agrado para\u00a0 la UCR, lo acusan de romper acuerdos en elecciones previas y de \u201cmaltratar\u201d a los candidatos radicales.<\/p>\n<p>Entre las provincias fraccionadas tambi\u00e9n se encuentran Tucum\u00e1n, que tendr\u00e1 comicios el 14 de mayo, all\u00ed el PRO impulsa la candidatura a gobernador de Germ\u00e1n Alfaro, y Chubut -que tambi\u00e9n podr\u00eda votar en mayo-, donde el PRO lleva al senador Ignacio Torres\u00a0 y un sector de la UCR a su presidente local, Dami\u00e1n Biss.<\/p>\n<p>Mientras que en Mendoza, una provincia gobernada por el radicalismo, Omar De Marchi -l\u00edder del PRO mendocino y un hombre de Larreta en el armado nacional- amenaza con ir por la gobernaci\u00f3n en un espacio por fuera de Juntos por el Cambio es que acusa a la UCR, con Alfredo Cornejo a la cabeza, de haberse apropiado de la coalici\u00f3n y de bloquear la integraci\u00f3n de otros partidos.<\/p>\n<p>En C\u00f3rdoba, donde tampoco existen las PASO y ya ha habido antecedentes de quiebre dentro de JxC, tambi\u00e9n el PRO, la UCR y el espacio radical de Evoluci\u00f3n disputar\u00e1n candidatos por la gobernaci\u00f3n. La semana pasada los tres sectores dieron cierta se\u00f1al de distensi\u00f3n y unidad y sus principales referentes participaron de una actividad conjunta con Patricia Bullrich.<\/p>\n<p>Ser\u00e1 internas que intentar\u00e1n cerrar en el encuentro de este lunes del que s\u00ed participar\u00e1n Morales, Ferraro y Pichetto, y los presidenciales la presidenta del PRO, Patricia Bullrich, el jefe de Gobierno porte\u00f1o, Horacio Rodr\u00edguez Larreta y\u00a0 la exgobernadora bonaerense del PRO Mar\u00eda Eugenia Vidal.<\/p>\n<p>&nbsp;<\/p>\n<p><strong>Qu\u00e9 debatir\u00e1n concretamente los l\u00edderes de la oposici\u00f3n <\/strong><\/p>\n<p>Adem\u00e1s de dialogar sobre el a\u00f1o electoral, durante la cumbre de JxC se debatir\u00e1 el contexto econ\u00f3mico y pol\u00edtico a nivel nacional. Del cronograma enviado a dirigentes opositores se desprende que la charla girar\u00e1 en torno a \u201clas alertas\u201d sobre la pol\u00edtica econ\u00f3mica oficial.<\/p>\n<p>Analizar\u00e1n un informe econ\u00f3mico, como suele ocurrir, elaborado por los economistas que trabajan en cada una de las fundaciones de los partidos de Juntos por el Cambio. Por la Coalici\u00f3n C\u00edvica, Mat\u00edas Surt, por el radicalismo, Eduardo Levy Yeyati, por el PRO, Luciano Laspina y Hern\u00e1n Lacunza, y por el peronismo republicano, Juan Carlos S\u00e1nchez Arnau.<\/p>\n<p>Adem\u00e1s abordar\u00e1n el pedido de juicio pol\u00edtico del Gobierno a los integrantes de\u00a0 la Corte Suprema de Justicia, buscar\u00e1n priorizar la situaci\u00f3n institucional ante \u201cel quiebre de la divisi\u00f3n de poderes\u201d que, seg\u00fan creen en la coalici\u00f3n, representa el juicio a los miembros del m\u00e1ximo tribunal por incumplimiento de sus deberes.<\/p>\n<p>Tambi\u00e9n habr\u00e1 un an\u00e1lisis de la situaci\u00f3n de seguridad en el pa\u00eds, a cargo de Patricia Bullrich y otros especialistas en el tema. Y habr\u00e1 consideraciones generales del calendario de reuniones de Juntos por el Cambio este a\u00f1o y los posibles lugares de las siguientes actividades de la Mesa Nacional.<\/p>\n","protected":false},"excerpt":{"rendered":"<p>Mientras el l\u00edder del PRO se encuentra en Cumel\u00e9n, su country de Villa La Angostura, los principales referentes opositores se re\u00fanen en Buenos Aires para analizar los riesgos que implican ir fracturados a las elecciones provinciales en, hasta ahora, siete provincias. Qu\u00e9 otros temas debatir\u00e1n &nbsp; &nbsp; En medio de los fogonazos de la interna y con el calendario electoral pis\u00e1ndole los talones, la Mesa Nacional de Juntos por el Cambio se re\u00fane este mediod\u00eda para intentar evitar la ruptura en hasta siete provincias que elegir\u00e1n sus autoridades locales antes&#8230;<\/p>\n","protected":false},"author":3,"featured_media":85537,"comment_status":"closed","ping_status":"closed","sticky":false,"template":"","format":"standard","meta":[],"categories":[18],"tags":[],"_links":{"self":[{"href":"https:\/\/www.actualidadadiario.com\/index.php\/wp-json\/wp\/v2\/posts\/97261"}],"collection":[{"href":"https:\/\/www.actualidadadiario.com\/index.php\/wp-json\/wp\/v2\/posts"}],"about":[{"href":"https:\/\/www.actualidadadiario.com\/index.php\/wp-json\/wp\/v2\/types\/post"}],"author":[{"embeddable":true,"href":"https:\/\/www.actualidadadiario.com\/index.php\/wp-json\/wp\/v2\/users\/3"}],"replies":[{"embeddable":true,"href":"https:\/\/www.actualidadadiario.com\/index.php\/wp-json\/wp\/v2\/comments?post=97261"}],"version-history":[{"count":1,"href":"https:\/\/www.actualidadadiario.com\/index.php\/wp-json\/wp\/v2\/posts\/97261\/revisions"}],"predecessor-version":[{"id":97262,"href":"https:\/\/www.actualidadadiario.com\/index.php\/wp-json\/wp\/v2\/posts\/97261\/revisions\/97262"}],"wp:featuredmedia":[{"embeddable":true,"href":"https:\/\/www.actualidadadiario.com\/index.php\/wp-json\/wp\/v2\/media\/85537"}],"wp:attachment":[{"href":"https:\/\/www.actualidadadiario.com\/index.php\/wp-json\/wp\/v2\/media?parent=97261"}],"wp:term":[{"taxonomy":"category","embeddable":true,"href":"https:\/\/www.actualidadadiario.com\/index.php\/wp-json\/wp\/v2\/categories?post=97261"},{"taxonomy":"post_tag","embeddable":true,"href":"https:\/\/www.actualidadadiario.com\/index.php\/wp-json\/wp\/v2\/tags?post=97261"}],"curies":[{"name":"wp","href":"https:\/\/api.w.org\/{rel}","templated":true}]}}