{"id":97258,"date":"2023-02-06T13:38:05","date_gmt":"2023-02-06T16:38:05","guid":{"rendered":"https:\/\/www.actualidadadiario.com\/?p=97258"},"modified":"2023-02-06T13:38:05","modified_gmt":"2023-02-06T16:38:05","slug":"alberto-abre-el-debate-electoral-interno-pero-el-kirchnerismo-duda","status":"publish","type":"post","link":"https:\/\/www.actualidadadiario.com\/index.php\/2023\/02\/06\/alberto-abre-el-debate-electoral-interno-pero-el-kirchnerismo-duda\/","title":{"rendered":"Alberto abre el debate electoral interno, pero el kirchnerismo duda"},"content":{"rendered":"<p style=\"text-align: center;\"><em><strong>El Presidente convoc\u00f3 a un armado nacional para representar &#8220;la fuerza territorial&#8221;, pero desde un sector del Frente de Todos todav\u00eda quieren saber cu\u00e1ntas sillas van a tener. Cr\u00edticas hacia adentro y debate inmediato<\/strong><\/em><\/p>\n<p>&nbsp;<\/p>\n<p>&nbsp;<\/p>\n<p>\u201cQui\u00e9n se van a sentar en esa mesa. \u00bfTolosa Paz? Hay que ver cu\u00e1nto de declaraci\u00f3n pol\u00edtica y de realidad hay detr\u00e1s de esa convocatoria\u201d. Las palabras corresponden a un dirigente bonaerense de peso que, el pasado martes, form\u00f3 parte de la reuni\u00f3n que el kirchnerismo, en alianza con el massismo y los intendentes, llev\u00f3 a cabo en Merlo. Y la referencia es clara. El llamado a una mesa pol\u00edtica nacional que realiz\u00f3 este domingo el presidente Alberto Fern\u00e1ndez para definir el juego electoral del Frente de Todos, no conform\u00f3 al sector que ejerce la presi\u00f3n interna.<\/p>\n<p>El n\u00facleo bonaerense busca saber cu\u00e1ntas sillas son las que tiene pensado poner el Presidente en su idea de discusi\u00f3n. En Merlo, los intendentes dejaron en claro que quieren una representaci\u00f3n concreta. Y que no aceptar\u00e1n quedarse afuera de la toma de decisiones por representar al coraz\u00f3n del voto peronista.<\/p>\n<p>La intenci\u00f3n de Fern\u00e1ndez es cortar r\u00e1pidamente con el protagonismo que tuvo en los \u00faltimos d\u00edas el Neo-Frente de Todos que tiene a M\u00e1ximo Kirchner, Sergio Massa, Axel Kicillof y Eduardo \u2018Wado\u2019 de Pedro a la cabeza con la figura de los jefes comunales como seguro territorial.<\/p>\n<p>Para este sector interno, el Presidente busca rearmarse a trav\u00e9s de los gobernadores. Empujado incluso tras una declaraci\u00f3n de peso que dio el mandatario provincial de Chaco, Jorge Capitanich, sobre que \u201cel espacio de representaci\u00f3n del Gobierno debe quedar solamente para una persona. Esto significa que, si el Presidente tiene la voluntad de ir por la reelecci\u00f3n, ning\u00fan ministro ni representante del espacio deber\u00eda competir, porque se supone que el espacio lo representa el Presidente\u201d.<\/p>\n<p>La declaraci\u00f3n del gobernador responde a una l\u00f3gica que hoy no forma parte de la coalici\u00f3n de gobierno. Sucede que la fractura interna es evidente. Y la reciente declaraci\u00f3n del Presidente sobre las internas, lo confirma: \u201cNo voy a dedicar un segundo a eso, yo s\u00e9 con qui\u00e9n puedo gobernar y con qui\u00e9n no. Yo gobierno con los que puedo gobernar y sigo gobernando, no me importa\u201d.<\/p>\n<p>Dentro de su gobierno, Alberto Fern\u00e1ndez cuenta con dos candidatos a presidente: Massa y De Pedro. Y hasta podr\u00eda tomarse como a un tercer al tucumano Juan Manzur, quien ya manifest\u00f3 en alg\u00fan momento sus intenciones, pero que juega justamente en favor de tambi\u00e9n poder ejercer una presi\u00f3n en favor de los gobernadores para poder tener el peso requerido en esa mesa.<\/p>\n<p>La convocatoria, sin duda, tambi\u00e9n estar\u00e1 abierta para los movimientos sociales y los gremios, dos de los puntales con los que cuenta el albertismo hoy, pero que tambi\u00e9n, se sabe, podr\u00edan acomodarse dentro de la mejor oferta interna para lo que viene.<\/p>\n<p>Sobre el llamado, la presidenta del bloque de senadores del Frente de Todos en la Legislatura bonaerense, Mar\u00eda Teresa Garc\u00eda, asegur\u00f3: \u201cA m\u00ed me parece inviable tener una discusi\u00f3n con los compa\u00f1eros con los que se vayan a armar las candidaturas, las representaciones de los espacios, la legitimidad de cada uno, si no se discute el fondo. No se trata solamente de armar un mecanismo para ganar la elecci\u00f3n\u201d.<\/p>\n<p>El problema a resolver para la mesa que se viene es que, sin dudas, arranca inestable. Sin piedra ni cart\u00f3n para nivelar un terreno irregular. Cabe destacar que la nueva alianza interna del FdT pretende alcanzar un candidato a trav\u00e9s de la decisi\u00f3n interna mientras que el Presidente insiste en la necesidad, como salvavidas de su propio gobierno, de salir a dar la competencia en las PASO. Algo que, muchos ven hacia adentro, como un s\u00edmbolo de debilidad.<\/p>\n","protected":false},"excerpt":{"rendered":"<p>El Presidente convoc\u00f3 a un armado nacional para representar &#8220;la fuerza territorial&#8221;, pero desde un sector del Frente de Todos todav\u00eda quieren saber cu\u00e1ntas sillas van a tener. Cr\u00edticas hacia adentro y debate inmediato &nbsp; &nbsp; \u201cQui\u00e9n se van a sentar en esa mesa. \u00bfTolosa Paz? Hay que ver cu\u00e1nto de declaraci\u00f3n pol\u00edtica y de realidad hay detr\u00e1s de esa convocatoria\u201d. Las palabras corresponden a un dirigente bonaerense de peso que, el pasado martes, form\u00f3 parte de la reuni\u00f3n que el kirchnerismo, en alianza con el massismo y los intendentes,&#8230;<\/p>\n","protected":false},"author":3,"featured_media":97259,"comment_status":"closed","ping_status":"closed","sticky":false,"template":"","format":"standard","meta":[],"categories":[18],"tags":[],"_links":{"self":[{"href":"https:\/\/www.actualidadadiario.com\/index.php\/wp-json\/wp\/v2\/posts\/97258"}],"collection":[{"href":"https:\/\/www.actualidadadiario.com\/index.php\/wp-json\/wp\/v2\/posts"}],"about":[{"href":"https:\/\/www.actualidadadiario.com\/index.php\/wp-json\/wp\/v2\/types\/post"}],"author":[{"embeddable":true,"href":"https:\/\/www.actualidadadiario.com\/index.php\/wp-json\/wp\/v2\/users\/3"}],"replies":[{"embeddable":true,"href":"https:\/\/www.actualidadadiario.com\/index.php\/wp-json\/wp\/v2\/comments?post=97258"}],"version-history":[{"count":1,"href":"https:\/\/www.actualidadadiario.com\/index.php\/wp-json\/wp\/v2\/posts\/97258\/revisions"}],"predecessor-version":[{"id":97260,"href":"https:\/\/www.actualidadadiario.com\/index.php\/wp-json\/wp\/v2\/posts\/97258\/revisions\/97260"}],"wp:featuredmedia":[{"embeddable":true,"href":"https:\/\/www.actualidadadiario.com\/index.php\/wp-json\/wp\/v2\/media\/97259"}],"wp:attachment":[{"href":"https:\/\/www.actualidadadiario.com\/index.php\/wp-json\/wp\/v2\/media?parent=97258"}],"wp:term":[{"taxonomy":"category","embeddable":true,"href":"https:\/\/www.actualidadadiario.com\/index.php\/wp-json\/wp\/v2\/categories?post=97258"},{"taxonomy":"post_tag","embeddable":true,"href":"https:\/\/www.actualidadadiario.com\/index.php\/wp-json\/wp\/v2\/tags?post=97258"}],"curies":[{"name":"wp","href":"https:\/\/api.w.org\/{rel}","templated":true}]}}