{"id":97255,"date":"2023-02-06T13:37:06","date_gmt":"2023-02-06T16:37:06","guid":{"rendered":"https:\/\/www.actualidadadiario.com\/?p=97255"},"modified":"2023-02-06T13:37:06","modified_gmt":"2023-02-06T16:37:06","slug":"designaron-a-antonio-aracre-como-jefe-de-asesores-de-la-presidencia","status":"publish","type":"post","link":"https:\/\/www.actualidadadiario.com\/index.php\/2023\/02\/06\/designaron-a-antonio-aracre-como-jefe-de-asesores-de-la-presidencia\/","title":{"rendered":"Designaron a Antonio Aracre como jefe de asesores de la Presidencia"},"content":{"rendered":"<p style=\"text-align: center;\"><em><strong>El flamante funcionario es contador p\u00fablico y magister en Administraci\u00f3n Estrat\u00e9gica, y se desempe\u00f1\u00f3 como CEO de la empresa de productos para el agro Syngenta<\/strong><\/em><\/p>\n<p>&nbsp;<\/p>\n<p>&nbsp;<\/p>\n<p>El Gobierno oficializ\u00f3 este lunes la designaci\u00f3n de Antonio Aracre como jefe de Gabinete de Asesores del presidente Alberto Fern\u00e1ndez. El nombramiento del exCEO de la empresa de productos para el agro Syngenta fue formalizado a trav\u00e9s del decreto 61\/2023.<\/p>\n<p>Aracre es contador p\u00fablico y magister en Administraci\u00f3n Estrat\u00e9gica. Su designaci\u00f3n lleva las firmas de Fern\u00e1ndez y del jefe de Gabinete, Juan Manzur.<\/p>\n<p>Poco despu\u00e9s de su designaci\u00f3n, el ahora jefe de asesores presidenciales hab\u00eda afirmado que la Argentina afronta \u00abun horizonte de medio t\u00e9rmino muy esperanzador\u00bb y por ello en las pr\u00f3ximas elecciones habr\u00e1 \u00abun modelo que piensa en industrializar y distribuir\u00bb frente a otro que \u00abapunta a la generaci\u00f3n de riqueza m\u00e1s concentrada\u00bb.Aracre afirm\u00f3 que la Argentina tiene \u00abun horizonte de medio t\u00e9rmino muy esperanzador, pero hay que pensar con qu\u00e9 modelo vamos a abordarlo\u00bb.<\/p>\n<p>\u00abSe elige un modelo de gesti\u00f3n pol\u00edtica y econ\u00f3mica. Con el enorme desarrollo potencial que viene en la Argentina, la diferencia es apostar por un modelo que piense en industrializar y distribuir, o apostar a un modelo que apunta a generaci\u00f3n de riqueza m\u00e1s concentrada\u00bb, sostuvo, en un directo llamado a votar por el oficialismo. Asimismo, el ex CEO de Syngenta expres\u00f3, en di\u00e1logo con Radio con Vos, que en un per\u00edodo \u00abde tres a cinco a\u00f1os las exportaciones van a aumentar de una manera tan significativa que el frente externo va a dejar de ser un problema\u00bb.<\/p>\n<p>Sin embargo, admiti\u00f3 que pese a que \u00abse viene una explosi\u00f3n de exportaciones, los pr\u00f3ximos dos o tres a\u00f1os no van a ser f\u00e1ciles\u00bb, y aclar\u00f3 que ese planteo de gesti\u00f3n pol\u00edtica y econ\u00f3mica \u00abes el puente que tenemos que construir con la sociedad\u00bb, refiri\u00e9ndose al aprovechamiento de las reservas de litio en el norte y los hidrocarburos y el gas en el sur del pa\u00eds. \u00abPero hay que pensar con qu\u00e9 modelo vamos a abordarlo\u00bb, insisti\u00f3.<\/p>\n<p>\u00abLas elecciones este a\u00f1o son muy importantes porque se unen a una cuesti\u00f3n estrat\u00e9gica de la Argentina de los pr\u00f3ximos 10 a\u00f1os\u00bb, manifest\u00f3 Aracre, y aprovech\u00f3 para despegarse de las cr\u00edticas que recibi\u00f3 luego de ser nombrado jefe de asesores de Presidencia. \u00abOjal\u00e1 me den la oportunidad de mostrar que no estoy en defensa de los intereses de ninguna industria o empresa sino que vengo a trabajar para mejorar los problemas del pa\u00eds\u00bb, aclar\u00f3 en referencia a sus 36 a\u00f1os de trabajo en Syngenta.<\/p>\n","protected":false},"excerpt":{"rendered":"<p>El flamante funcionario es contador p\u00fablico y magister en Administraci\u00f3n Estrat\u00e9gica, y se desempe\u00f1\u00f3 como CEO de la empresa de productos para el agro Syngenta &nbsp; &nbsp; El Gobierno oficializ\u00f3 este lunes la designaci\u00f3n de Antonio Aracre como jefe de Gabinete de Asesores del presidente Alberto Fern\u00e1ndez. El nombramiento del exCEO de la empresa de productos para el agro Syngenta fue formalizado a trav\u00e9s del decreto 61\/2023. Aracre es contador p\u00fablico y magister en Administraci\u00f3n Estrat\u00e9gica. Su designaci\u00f3n lleva las firmas de Fern\u00e1ndez y del jefe de Gabinete, Juan Manzur&#8230;.<\/p>\n","protected":false},"author":3,"featured_media":97256,"comment_status":"closed","ping_status":"closed","sticky":false,"template":"","format":"standard","meta":[],"categories":[18],"tags":[],"_links":{"self":[{"href":"https:\/\/www.actualidadadiario.com\/index.php\/wp-json\/wp\/v2\/posts\/97255"}],"collection":[{"href":"https:\/\/www.actualidadadiario.com\/index.php\/wp-json\/wp\/v2\/posts"}],"about":[{"href":"https:\/\/www.actualidadadiario.com\/index.php\/wp-json\/wp\/v2\/types\/post"}],"author":[{"embeddable":true,"href":"https:\/\/www.actualidadadiario.com\/index.php\/wp-json\/wp\/v2\/users\/3"}],"replies":[{"embeddable":true,"href":"https:\/\/www.actualidadadiario.com\/index.php\/wp-json\/wp\/v2\/comments?post=97255"}],"version-history":[{"count":1,"href":"https:\/\/www.actualidadadiario.com\/index.php\/wp-json\/wp\/v2\/posts\/97255\/revisions"}],"predecessor-version":[{"id":97257,"href":"https:\/\/www.actualidadadiario.com\/index.php\/wp-json\/wp\/v2\/posts\/97255\/revisions\/97257"}],"wp:featuredmedia":[{"embeddable":true,"href":"https:\/\/www.actualidadadiario.com\/index.php\/wp-json\/wp\/v2\/media\/97256"}],"wp:attachment":[{"href":"https:\/\/www.actualidadadiario.com\/index.php\/wp-json\/wp\/v2\/media?parent=97255"}],"wp:term":[{"taxonomy":"category","embeddable":true,"href":"https:\/\/www.actualidadadiario.com\/index.php\/wp-json\/wp\/v2\/categories?post=97255"},{"taxonomy":"post_tag","embeddable":true,"href":"https:\/\/www.actualidadadiario.com\/index.php\/wp-json\/wp\/v2\/tags?post=97255"}],"curies":[{"name":"wp","href":"https:\/\/api.w.org\/{rel}","templated":true}]}}