{"id":97252,"date":"2023-02-06T13:36:26","date_gmt":"2023-02-06T16:36:26","guid":{"rendered":"https:\/\/www.actualidadadiario.com\/?p=97252"},"modified":"2023-02-06T13:36:26","modified_gmt":"2023-02-06T16:36:26","slug":"con-la-apertura-de-sesiones-las-provincias-iniciaron-el-cronograma-parlamentario-2023","status":"publish","type":"post","link":"https:\/\/www.actualidadadiario.com\/index.php\/2023\/02\/06\/con-la-apertura-de-sesiones-las-provincias-iniciaron-el-cronograma-parlamentario-2023\/","title":{"rendered":"Con la apertura de sesiones, las provincias iniciaron el cronograma parlamentario 2023"},"content":{"rendered":"<p style=\"text-align: center;\"><em><strong>Tres Legislaturas comenzaron ya las sesiones ordinarias de este a\u00f1o electoral, mientras que a nivel nacional se inaugurar\u00e1n el primero de marzo por el Presidente Alberto Fern\u00e1ndez en el Congreso de la Naci\u00f3n<\/strong><\/em><\/p>\n<p>&nbsp;<\/p>\n<p>&nbsp;<\/p>\n<p>La apertura de sesiones ordinarias en las Legislaturas de C\u00f3rdoba, Santiago del Estero y Entre R\u00edos marca en este febrero el reinicio del cronograma de actividades parlamentarias en las provincias, que en este 2023 -ya sin las restricciones obligadas por la pandemia- tendr\u00e1 un condimento especial por tratarse de un a\u00f1o electoral y que se completar\u00e1 entre marzo, abril y mayo, de acuerdo a las fechas programadas por las Constituciones provinciales.<\/p>\n<p>Mientras a nivel nacional las sesiones parlamentarias son inauguradas cada primero de marzo por el Presidente en el Congreso de la Naci\u00f3n, la autonom\u00eda de las provincias hace que la apertura del a\u00f1o legislativo tenga un ritmo y particularidades propias en las 16 legislaturas unicamerales y en las ocho que tienen dos c\u00e1maras de representantes.<\/p>\n<p>As\u00ed, el mi\u00e9rcoles 1 de febrero el gobernador de C\u00f3rdoba, Juan Schiaretti, dio su mensaje a la Legislatura unicameral donde abog\u00f3 por un &#8220;federalismo aut\u00e9ntico y dejar de ser un pa\u00eds unitario&#8221; al abrir el 145 ciclo parlamentario, mientras en Entre R\u00edos, el mandatario Gustavo Bordet pronunciar\u00e1 su mensaje el mi\u00e9rcoles 15 ante los 34 diputados y 17 senadores provinciales para inaugurar el 144 per\u00edodo de sesiones ordinarias en su \u00faltima presentaci\u00f3n como primer mandatario, dado que no puede ser reelecto.<\/p>\n<p>En tanto, los 40 diputados de la unicameral de Santiago del Estero iniciaron sus actividades el viernes 3 de febrero mientras el gobernador Gerardo Zamora dar\u00e1 su discurso anual ante el parlamento el 27 de abril, cuando se celebra el D\u00eda de la Autonom\u00eda provincial.<\/p>\n<p>En Santiago del Estero el trabajo legislativo comenz\u00f3 el viernes con la sesi\u00f3n preparatoria para elegir las autoridades del nuevo per\u00edodo que ir\u00e1 del 15 de febrero al 15 de diciembre.<\/p>\n<p>&nbsp;<\/p>\n<p><strong>La apertura de sesiones a nivel nacional <\/strong><\/p>\n<p>En marzo, en forma simult\u00e1nea a la cuarta presentaci\u00f3n del presidente Alberto Fern\u00e1ndez ante el Congreso Nacional para abrir el 141 per\u00edodo de sesiones, catorce distritos dar\u00e1n inicio a su a\u00f1o parlamentario en horarios alejados del mediod\u00eda para no superponerse con la hora agendada para el tradicional mensaje del jefe de estado a la Naci\u00f3n.<\/p>\n<p>En ese grupo se encuentran la ciudad y la provincia de Buenos Aires, Chaco, Chubut, Corrientes, Formosa, La Pampa, La Rioja, Neuqu\u00e9n, R\u00edo Negro, Salta, Santa Cruz, Tierra del Fuego y Tucum\u00e1n, que en su mayor\u00eda realizan sus actos entre las 8 y las 10 o pasadas las 19, situaci\u00f3n que resta definirse seg\u00fan voceros gubernamentales consultados por esta agencia.<\/p>\n<p>El gobernador de Buenos Aires Axel Kicillof encabezar\u00e1 la apertura del 151 per\u00edodo de Sesiones Ordinarias de la Legislatura bicameral de la provincia, mientras el jefe de gobierno de la Ciudad Aut\u00f3noma de Buenos Aires, Horacio Rodr\u00edguez Larreta, abrir\u00e1 el 26to ciclo en la unicameral de la ciudad aut\u00f3noma, y Jorge Capitanich inaugurar\u00e1 el 55 per\u00edodo de la unicameral de Chaco.<\/p>\n<p>La unicameral de Chubut cumplir\u00e1 su 51 per\u00edodo de sesiones, mientras la bicameral de Corrientes iniciar\u00e1 su actividad de este a\u00f1o con un discurso del gobernador Gustavo Vald\u00e9s que va por la mitad de su segundo mandato.<\/p>\n<p>Entre otras Legislaturas unicamerales, la de Formosa llegar\u00e1 a su 50vo ciclo, la pampeana abrir\u00e1 su 54 per\u00edodo, la de La Rioja el 137, Neuqu\u00e9n y R\u00edo Negro arribar\u00e1n a sus 52 per\u00edodos parlamentarios, Salta el 125, Santa Cruz tendr\u00e1 su edici\u00f3n 50, Tierra del Fuego la n\u00famero 40 y Tucum\u00e1n, la 118.<\/p>\n<p>En abril, ser\u00e1 el turno de las legislaturas unicamerales de Jujuy y San Juan y la bicameral de San Luis.<\/p>\n<p>En Jujuy, el gobernador Gerardo Morales abrir\u00e1 el 162 periodo ordinario de sesiones en su octavo a\u00f1o al frente del Poder Ejecutivo ante los 48 diputados provinciales, mientras en San Juan, el justicialista Sergio U\u00f1ac hablar\u00e1 frente a los 36 integrantes de la legislatura provincial.<\/p>\n<p>En San Luis, el gobernador Alberto Rodr\u00edguez Sa\u00e1 inaugurar\u00e1 el 36 per\u00edodo de sesiones ordinarias, que se extender\u00e1 hasta el 30 de noviembre, ante 52 legisladores.<\/p>\n<p>En mayo, el gobernador de Mendoza Rodolfo Su\u00e1rez pronunciar\u00e1 su mensaje anual para abrir el 183\u00b0 per\u00edodo legislativo de sesiones ordinarias de la bicameral compuesta por 38 senadores y 48 diputados, mientras en Santa Fe Omar Perotti inaugurar\u00e1 el 141 ciclo de sesiones con su discurso ante la Legislatura que integran 19 senadores y 50 diputados provinciales.<\/p>\n<p>En Catamarca, har\u00e1 lo propio el gobernador peronista Ra\u00fal Jalil, cuando abra el 134 per\u00edodo de sesiones ordinarias de la Legislatura bicameral; y en Misiones, el mandatario Oscar Herrera Ahuad presentar\u00e1 su mensaje formal al abrir la 51 edici\u00f3n de sesiones ordinarias en la C\u00e1mara de Representantes unicameral integrada por 40 legisladores.<\/p>\n","protected":false},"excerpt":{"rendered":"<p>Tres Legislaturas comenzaron ya las sesiones ordinarias de este a\u00f1o electoral, mientras que a nivel nacional se inaugurar\u00e1n el primero de marzo por el Presidente Alberto Fern\u00e1ndez en el Congreso de la Naci\u00f3n &nbsp; &nbsp; La apertura de sesiones ordinarias en las Legislaturas de C\u00f3rdoba, Santiago del Estero y Entre R\u00edos marca en este febrero el reinicio del cronograma de actividades parlamentarias en las provincias, que en este 2023 -ya sin las restricciones obligadas por la pandemia- tendr\u00e1 un condimento especial por tratarse de un a\u00f1o electoral y que se&#8230;<\/p>\n","protected":false},"author":3,"featured_media":97253,"comment_status":"closed","ping_status":"closed","sticky":false,"template":"","format":"standard","meta":[],"categories":[18],"tags":[],"_links":{"self":[{"href":"https:\/\/www.actualidadadiario.com\/index.php\/wp-json\/wp\/v2\/posts\/97252"}],"collection":[{"href":"https:\/\/www.actualidadadiario.com\/index.php\/wp-json\/wp\/v2\/posts"}],"about":[{"href":"https:\/\/www.actualidadadiario.com\/index.php\/wp-json\/wp\/v2\/types\/post"}],"author":[{"embeddable":true,"href":"https:\/\/www.actualidadadiario.com\/index.php\/wp-json\/wp\/v2\/users\/3"}],"replies":[{"embeddable":true,"href":"https:\/\/www.actualidadadiario.com\/index.php\/wp-json\/wp\/v2\/comments?post=97252"}],"version-history":[{"count":1,"href":"https:\/\/www.actualidadadiario.com\/index.php\/wp-json\/wp\/v2\/posts\/97252\/revisions"}],"predecessor-version":[{"id":97254,"href":"https:\/\/www.actualidadadiario.com\/index.php\/wp-json\/wp\/v2\/posts\/97252\/revisions\/97254"}],"wp:featuredmedia":[{"embeddable":true,"href":"https:\/\/www.actualidadadiario.com\/index.php\/wp-json\/wp\/v2\/media\/97253"}],"wp:attachment":[{"href":"https:\/\/www.actualidadadiario.com\/index.php\/wp-json\/wp\/v2\/media?parent=97252"}],"wp:term":[{"taxonomy":"category","embeddable":true,"href":"https:\/\/www.actualidadadiario.com\/index.php\/wp-json\/wp\/v2\/categories?post=97252"},{"taxonomy":"post_tag","embeddable":true,"href":"https:\/\/www.actualidadadiario.com\/index.php\/wp-json\/wp\/v2\/tags?post=97252"}],"curies":[{"name":"wp","href":"https:\/\/api.w.org\/{rel}","templated":true}]}}