{"id":95,"date":"2016-08-10T13:19:58","date_gmt":"2016-08-10T16:19:58","guid":{"rendered":"http:\/\/actualidadadiario.com\/site\/?p=95"},"modified":"2016-08-22T10:19:47","modified_gmt":"2016-08-22T13:19:47","slug":"segun-aranguren-la-readecuacion-de-las-tarifas-energeticas-ha-sido-gradual","status":"publish","type":"post","link":"https:\/\/www.actualidadadiario.com\/index.php\/2016\/08\/10\/segun-aranguren-la-readecuacion-de-las-tarifas-energeticas-ha-sido-gradual\/","title":{"rendered":"Seg\u00fan Aranguren, &#8220;la readecuaci\u00f3n de las tarifas energ\u00e9ticas ha sido gradual&#8221;"},"content":{"rendered":"<p>El ministro de Energ\u00eda se present\u00f3 ante el plenario de comisiones en la C\u00e1mara de Diputados, en donde expuso durante 40 minutos su defensa de los tarifazos, y luego se someti\u00f3 a las preguntas de los legisladores<\/p>\n<p>Pasada la medianoche del mi\u00e9rcoles, la C\u00e1mara de Diputados concluy\u00f3 el plenario de comisiones en el que el ministro de Energ\u00eda, Juan Jos\u00e9 Aranguren, expuso su defensa de la pol\u00edtica tarifaria del Gobierno de Cambiemos.<\/p>\n<p>La sesi\u00f3n se extendi\u00f3 por m\u00e1s de diez horas, en donde el funcionario primero dio una exposici\u00f3n de 40 minutos, y luego se someti\u00f3 a una serie de preguntas de los legisladores. Seg\u00fan afirm\u00f3, \u201cla readecuaci\u00f3n de las tarifas energ\u00e9ticas ha sido de forma gradual como lo permit\u00eda la herencia recibida\u201d.<\/p>\n<p>Sin autocr\u00edticas y siempre acudiendo al relato de la \u201cpesada herencia\u201d, el ministro asegur\u00f3 que los usuarios \u201chan multiplicado su factura cinco veces, y no en el 1.600 por ciento como ha sido la inflaci\u00f3n en los \u00faltimos 12 a\u00f1os\u201d.<\/p>\n<p>\u201cEn estos \u00faltimos 12 a\u00f1os, Argentina pas\u00f3 de tener energ\u00eda abundante, nacional y barata, a tener escasa, cara e importada\u201d, insisti\u00f3 Aranguren, quien compareci\u00f3 ante las comisiones de Presupuesto y Hacienda, Energ\u00eda, Consumidores y Obras P\u00fablicas.<\/p>\n<p>El funcionario, adem\u00e1s, fue consultado por su participaci\u00f3n en Shell, frente a lo que respondi\u00f3 \u201cno conocer informaci\u00f3n sobre las ganancias\u201d de la empresa, a la vez que asegur\u00f3 que sus acciones, que est\u00e1n en el exterior, fueron declaradas ante la Oficina Anticorrupci\u00f3n.<\/p>\n<p>\u201cLas acciones de Shell subieron, y usted gan\u00f3 plata\u201d, le replic\u00f3 el diputado del Frente para la Victoria Mart\u00edn Do\u00f1ate, y agreg\u00f3: \u201cUsted tiene informaci\u00f3n privilegiada respecto a los dem\u00e1s; est\u00e1 vulnerando el art\u00edculo 308 del C\u00f3digo Penal\u201d.<\/p>\n<p>En esta m\u00ednima l\u00ednea, el diputado rionegrino explic\u00f3 que las \u201cdecisiones\u201d de Aranguren \u201cimpactan en sus acciones\u201d, y ejemplific\u00f3 con \u201cla decisi\u00f3n de comprar gas a trav\u00e9s de Chile\u201d, y la de \u201caumentar el precio de la nafta, que beneficia a Shell\u201d.<\/p>\n","protected":false},"excerpt":{"rendered":"<p>El ministro de Energ\u00eda se present\u00f3 ante el plenario de comisiones en la C\u00e1mara de Diputados, en donde expuso durante 40 minutos su defensa de los tarifazos, y luego se someti\u00f3 a las preguntas de los legisladores Pasada la medianoche del mi\u00e9rcoles, la C\u00e1mara de Diputados concluy\u00f3 el plenario de comisiones en el que el ministro de Energ\u00eda, Juan Jos\u00e9 Aranguren, expuso su defensa de la pol\u00edtica tarifaria del Gobierno de Cambiemos. La sesi\u00f3n se extendi\u00f3 por m\u00e1s de diez horas, en donde el funcionario primero dio una exposici\u00f3n de&#8230;<\/p>\n","protected":false},"author":2,"featured_media":96,"comment_status":"closed","ping_status":"open","sticky":false,"template":"","format":"standard","meta":[],"categories":[9,2],"tags":[],"_links":{"self":[{"href":"https:\/\/www.actualidadadiario.com\/index.php\/wp-json\/wp\/v2\/posts\/95"}],"collection":[{"href":"https:\/\/www.actualidadadiario.com\/index.php\/wp-json\/wp\/v2\/posts"}],"about":[{"href":"https:\/\/www.actualidadadiario.com\/index.php\/wp-json\/wp\/v2\/types\/post"}],"author":[{"embeddable":true,"href":"https:\/\/www.actualidadadiario.com\/index.php\/wp-json\/wp\/v2\/users\/2"}],"replies":[{"embeddable":true,"href":"https:\/\/www.actualidadadiario.com\/index.php\/wp-json\/wp\/v2\/comments?post=95"}],"version-history":[{"count":1,"href":"https:\/\/www.actualidadadiario.com\/index.php\/wp-json\/wp\/v2\/posts\/95\/revisions"}],"predecessor-version":[{"id":97,"href":"https:\/\/www.actualidadadiario.com\/index.php\/wp-json\/wp\/v2\/posts\/95\/revisions\/97"}],"wp:featuredmedia":[{"embeddable":true,"href":"https:\/\/www.actualidadadiario.com\/index.php\/wp-json\/wp\/v2\/media\/96"}],"wp:attachment":[{"href":"https:\/\/www.actualidadadiario.com\/index.php\/wp-json\/wp\/v2\/media?parent=95"}],"wp:term":[{"taxonomy":"category","embeddable":true,"href":"https:\/\/www.actualidadadiario.com\/index.php\/wp-json\/wp\/v2\/categories?post=95"},{"taxonomy":"post_tag","embeddable":true,"href":"https:\/\/www.actualidadadiario.com\/index.php\/wp-json\/wp\/v2\/tags?post=95"}],"curies":[{"name":"wp","href":"https:\/\/api.w.org\/{rel}","templated":true}]}}