{"id":9439,"date":"2017-04-03T09:50:14","date_gmt":"2017-04-03T12:50:14","guid":{"rendered":"http:\/\/actualidadadiario.com\/site\/?p=9439"},"modified":"2017-04-03T09:50:14","modified_gmt":"2017-04-03T12:50:14","slug":"seis-de-cada-diez-argentinos-estan-de-acuerdo-con-el-paro-nacional","status":"publish","type":"post","link":"https:\/\/www.actualidadadiario.com\/index.php\/2017\/04\/03\/seis-de-cada-diez-argentinos-estan-de-acuerdo-con-el-paro-nacional\/","title":{"rendered":"Seis de cada diez argentinos est\u00e1n de acuerdo con el paro nacional"},"content":{"rendered":"<p><em><strong>Seg\u00fan un relevamiento de la consultora Centro de Estudios de Opini\u00f3n P\u00fablica (CEOP), seis de cada diez argentinos est\u00e1n de acuerdo con el paro nacional convocado para este jueves<\/strong><\/em><\/p>\n<p>&nbsp;<\/p>\n<p>&nbsp;<\/p>\n<p>&nbsp;<\/p>\n<p>&nbsp;<\/p>\n<p>&nbsp;<\/p>\n<p>La encuesta, publicada en el peri\u00f3dico P\u00e1gina 12, se\u00f1ala adem\u00e1s que una mayor\u00eda sostiene que ese paro general se justifica.<\/p>\n<p>&nbsp;<\/p>\n<p>Los datos de la consultora que dirige el soci\u00f3logo Roberto Bacman, indican que siete de cada diez personas afirman que la situaci\u00f3n econ\u00f3mica es mala o muy mala.<\/p>\n<p>&nbsp;<\/p>\n<p>Cuando se le pregunt\u00f3 a los ciudadanos si es cierta la frase de Mirtha Legrand de que Mauricio Macri y su esposa no ven la realidad, la respuesta arroj\u00f3 que seis de cada diez personas contestan que es verdad, que est\u00e1n de acuerdo con la conductora. En ese porcentaje entran los que se consideran opositores, pero tambi\u00e9n un 80 por ciento de los que se declaran independientes y hasta un 30 por ciento de los que se definen como oficialistas.<\/p>\n<p>&nbsp;<\/p>\n<p>Adem\u00e1s, tambi\u00e9n hay respaldo a las medidas de fuerza de los docentes. Un 66 por ciento piensa que el reclamo de los maestros es justo y tambi\u00e9n seis de cada diez personas piensan que el gobierno debe aflojar.<\/p>\n<p>&nbsp;<\/p>\n<p>En total se entrevistaron 1200 personas de todo el pa\u00eds, respet\u00e1ndose las proporciones por edad, sexo y nivel econ\u00f3mico social. Las entrevistas fueron telef\u00f3nicas y tambi\u00e9n se respetaron las proporciones por ciudades grandes y chicas y la distribuci\u00f3n entre el interior, el Gran Buenos Aires y la Ciudad de Buenos Aires.<\/p>\n","protected":false},"excerpt":{"rendered":"<p>Seg\u00fan un relevamiento de la consultora Centro de Estudios de Opini\u00f3n P\u00fablica (CEOP), seis de cada diez argentinos est\u00e1n de acuerdo con el paro nacional convocado para este jueves &nbsp; &nbsp; &nbsp; &nbsp; &nbsp; La encuesta, publicada en el peri\u00f3dico P\u00e1gina 12, se\u00f1ala adem\u00e1s que una mayor\u00eda sostiene que ese paro general se justifica. &nbsp; Los datos de la consultora que dirige el soci\u00f3logo Roberto Bacman, indican que siete de cada diez personas afirman que la situaci\u00f3n econ\u00f3mica es mala o muy mala. &nbsp; Cuando se le pregunt\u00f3 a los&#8230;<\/p>\n","protected":false},"author":3,"featured_media":9440,"comment_status":"closed","ping_status":"closed","sticky":false,"template":"","format":"standard","meta":[],"categories":[18],"tags":[],"_links":{"self":[{"href":"https:\/\/www.actualidadadiario.com\/index.php\/wp-json\/wp\/v2\/posts\/9439"}],"collection":[{"href":"https:\/\/www.actualidadadiario.com\/index.php\/wp-json\/wp\/v2\/posts"}],"about":[{"href":"https:\/\/www.actualidadadiario.com\/index.php\/wp-json\/wp\/v2\/types\/post"}],"author":[{"embeddable":true,"href":"https:\/\/www.actualidadadiario.com\/index.php\/wp-json\/wp\/v2\/users\/3"}],"replies":[{"embeddable":true,"href":"https:\/\/www.actualidadadiario.com\/index.php\/wp-json\/wp\/v2\/comments?post=9439"}],"version-history":[{"count":1,"href":"https:\/\/www.actualidadadiario.com\/index.php\/wp-json\/wp\/v2\/posts\/9439\/revisions"}],"predecessor-version":[{"id":9441,"href":"https:\/\/www.actualidadadiario.com\/index.php\/wp-json\/wp\/v2\/posts\/9439\/revisions\/9441"}],"wp:featuredmedia":[{"embeddable":true,"href":"https:\/\/www.actualidadadiario.com\/index.php\/wp-json\/wp\/v2\/media\/9440"}],"wp:attachment":[{"href":"https:\/\/www.actualidadadiario.com\/index.php\/wp-json\/wp\/v2\/media?parent=9439"}],"wp:term":[{"taxonomy":"category","embeddable":true,"href":"https:\/\/www.actualidadadiario.com\/index.php\/wp-json\/wp\/v2\/categories?post=9439"},{"taxonomy":"post_tag","embeddable":true,"href":"https:\/\/www.actualidadadiario.com\/index.php\/wp-json\/wp\/v2\/tags?post=9439"}],"curies":[{"name":"wp","href":"https:\/\/api.w.org\/{rel}","templated":true}]}}