{"id":9433,"date":"2017-04-03T09:48:36","date_gmt":"2017-04-03T12:48:36","guid":{"rendered":"http:\/\/actualidadadiario.com\/site\/?p=9433"},"modified":"2017-04-03T09:52:42","modified_gmt":"2017-04-03T12:52:42","slug":"nosotros-movilizamos-a-la-gente-ponemos-los-colectivos-y-no-nos-molesta-lo-que-diga-macri","status":"publish","type":"post","link":"https:\/\/www.actualidadadiario.com\/index.php\/2017\/04\/03\/nosotros-movilizamos-a-la-gente-ponemos-los-colectivos-y-no-nos-molesta-lo-que-diga-macri\/","title":{"rendered":"&#8220;Nosotros movilizamos a la gente, ponemos los colectivos, y no nos molesta lo que diga Macri&#8221;"},"content":{"rendered":"<p><em><strong>El secretario general de la Confederaci\u00f3n General del Trabajo y secretario general de la CATT), Juan Carlos Schmid, le respondi\u00f3 al presidente Mauricio Macri, quien dijo que en la movilizaci\u00f3n del 1 de abril no hubo &#8220;colectivos ni chorip\u00e1n&#8221;. &#8220;Nosotros movilizamos a la gente, ponemos los colectivos y no nos molesta que nos diga esto&#8221;, se\u00f1al\u00f3<\/strong><\/em><\/p>\n<p>&nbsp;<\/p>\n<p>&nbsp;<\/p>\n<p>&nbsp;<\/p>\n<p>&nbsp;<\/p>\n<p>&nbsp;<\/p>\n<p>En declaraciones al programa &#8220;El Fin de la Met\u00e1fora&#8221;, que se emite por Radio 10, Schmid sostuvo que &#8220;los sindicatos ponen todos los recursos econ\u00f3micos en funci\u00f3n a una protesta&#8221;. &#8220;Nosotros lo hacemos con nuestro dinero, con nuestros recursos&#8221;, remarc\u00f3.<\/p>\n<p>&nbsp;<\/p>\n<p>Consultado sobre la situaci\u00f3n actual, afirm\u00f3 que &#8220;la gente no llega a fin de mes, se baj\u00f3 la inflaci\u00f3n a costa del bolsillo del trabajador y eso se ve con el derrumbe del consumo&#8221;. &#8220;En los \u00faltimos meses hubo m\u00e1s de un mill\u00f3n de personas que se manifestaron en contra de estas medidas&#8221;, a\u00f1adi\u00f3.<\/p>\n<p>&nbsp;<\/p>\n<p>Respecto de la movilizaci\u00f3n en apoyo al Gobierno, afirm\u00f3 que &#8220;a\u00fan en las columnas de la gente que se manifest\u00f3 tampoco hay una conformidad en algunas cosas que lleva adelante el Gobierno&#8221;.<\/p>\n<p>&nbsp;<\/p>\n<p>&#8220;La marcha la califico como algo que viene sucediendo en la Argentina en el \u00faltimo tiempo, la famosa grieta es algo que siempre estuvo presente en la Argentina. Deja en evidencia que hay sectores de la sociedad que no congenian con la mirada que tienen otros&#8221;, se\u00f1al\u00f3.<\/p>\n<p>&nbsp;<\/p>\n<p>Consultado sobre el paro general convocado para el 6 de abril, consider\u00f3 que &#8220;va a tener una fuerte adhesi\u00f3n&#8221;. &#8220;Es un llamado de atenci\u00f3n muy fuerte&#8221;, remarc\u00f3.<\/p>\n<p>&nbsp;<\/p>\n<p>&#8220;Si hay un paro general, es porque el Gobierno ha visto la realidad con un lente distinto al nuestro&#8221; dijo Schmid.<\/p>\n","protected":false},"excerpt":{"rendered":"<p>El secretario general de la Confederaci\u00f3n General del Trabajo y secretario general de la CATT), Juan Carlos Schmid, le respondi\u00f3 al presidente Mauricio Macri, quien dijo que en la movilizaci\u00f3n del 1 de abril no hubo &#8220;colectivos ni chorip\u00e1n&#8221;. &#8220;Nosotros movilizamos a la gente, ponemos los colectivos y no nos molesta que nos diga esto&#8221;, se\u00f1al\u00f3 &nbsp; &nbsp; &nbsp; &nbsp; &nbsp; En declaraciones al programa &#8220;El Fin de la Met\u00e1fora&#8221;, que se emite por Radio 10, Schmid sostuvo que &#8220;los sindicatos ponen todos los recursos econ\u00f3micos en funci\u00f3n a una&#8230;<\/p>\n","protected":false},"author":3,"featured_media":9434,"comment_status":"closed","ping_status":"closed","sticky":false,"template":"","format":"standard","meta":[],"categories":[9],"tags":[],"_links":{"self":[{"href":"https:\/\/www.actualidadadiario.com\/index.php\/wp-json\/wp\/v2\/posts\/9433"}],"collection":[{"href":"https:\/\/www.actualidadadiario.com\/index.php\/wp-json\/wp\/v2\/posts"}],"about":[{"href":"https:\/\/www.actualidadadiario.com\/index.php\/wp-json\/wp\/v2\/types\/post"}],"author":[{"embeddable":true,"href":"https:\/\/www.actualidadadiario.com\/index.php\/wp-json\/wp\/v2\/users\/3"}],"replies":[{"embeddable":true,"href":"https:\/\/www.actualidadadiario.com\/index.php\/wp-json\/wp\/v2\/comments?post=9433"}],"version-history":[{"count":1,"href":"https:\/\/www.actualidadadiario.com\/index.php\/wp-json\/wp\/v2\/posts\/9433\/revisions"}],"predecessor-version":[{"id":9435,"href":"https:\/\/www.actualidadadiario.com\/index.php\/wp-json\/wp\/v2\/posts\/9433\/revisions\/9435"}],"wp:featuredmedia":[{"embeddable":true,"href":"https:\/\/www.actualidadadiario.com\/index.php\/wp-json\/wp\/v2\/media\/9434"}],"wp:attachment":[{"href":"https:\/\/www.actualidadadiario.com\/index.php\/wp-json\/wp\/v2\/media?parent=9433"}],"wp:term":[{"taxonomy":"category","embeddable":true,"href":"https:\/\/www.actualidadadiario.com\/index.php\/wp-json\/wp\/v2\/categories?post=9433"},{"taxonomy":"post_tag","embeddable":true,"href":"https:\/\/www.actualidadadiario.com\/index.php\/wp-json\/wp\/v2\/tags?post=9433"}],"curies":[{"name":"wp","href":"https:\/\/api.w.org\/{rel}","templated":true}]}}