{"id":9430,"date":"2017-04-03T09:47:39","date_gmt":"2017-04-03T12:47:39","guid":{"rendered":"http:\/\/actualidadadiario.com\/site\/?p=9430"},"modified":"2017-04-03T09:47:39","modified_gmt":"2017-04-03T12:47:39","slug":"para-lijo-no-es-normal-que-se-hayan-filtrado-las-escuchas-de-cristina-y-parrilli","status":"publish","type":"post","link":"https:\/\/www.actualidadadiario.com\/index.php\/2017\/04\/03\/para-lijo-no-es-normal-que-se-hayan-filtrado-las-escuchas-de-cristina-y-parrilli\/","title":{"rendered":"Para Lijo &#8220;no es normal&#8221; que se hayan filtrado las escuchas de Cristina y Parrilli"},"content":{"rendered":"<p><em><strong>El juez Ariel Lijo, quien hab\u00eda ordenado las escuchas a los tel\u00e9fonos de Oscar Parrilli, reconoci\u00f3 hoy que &#8220;no es normal&#8221; que las grabaciones de las conversaciones que el extitular de la AFI mantuvo con la expresidenta Cristina Kirchner se hayan filtrado a la prensa, pero neg\u00f3 tener responsabilidad sobre la cuesti\u00f3n. Sucedi\u00f3 al mismo tiempo que se difundieron nuevas escuchas<\/strong><\/em><\/p>\n<p>&nbsp;<\/p>\n<p>&nbsp;<\/p>\n<p>&nbsp;<\/p>\n<p>&nbsp;<\/p>\n<p>&nbsp;<\/p>\n<p>&#8220;No es normal (que se difundan las escuchas), a tal punto que hice la denuncia. Y la semana pasada estaba anunciado que ten\u00edan la total de las transcripciones. Es lamentable. No tengo una respuesta para eso&#8221;, sostuvo en declaraciones a radio 10.<\/p>\n<p>&nbsp;<\/p>\n<p>El juez hab\u00eda procesado a Parrilli por el delito de encubrimiento agravado de Ibar Esteban P\u00e9rez Corradi, pr\u00f3fugo durante cuatro a\u00f1os, y en ese marco hab\u00eda dictado la intercepci\u00f3n de sus comunicaciones privadas.<\/p>\n<p>&nbsp;<\/p>\n<p>Luego la C\u00e1mara Federal dict\u00f3 la falta de m\u00e9rito de Parrilli, revocando su procesamiento, y desde el kirchnerismo apuntaron, entre otros, contra Lijo por hacer &#8220;armado&#8221; la causa con el solo objeto de espiar conversaciones privadas y luego hacer una utilizaci\u00f3n pol\u00edtica y medi\u00e1tica de las mismas.<\/p>\n<p>&nbsp;<\/p>\n<p>Sin embargo, Lijo rechaz\u00f3 tener responsabilidad sobre el incidente, y se\u00f1al\u00f3 que durante el proceso de las escuchas judiciales hay &#8220;muchas personas que intervienen&#8221;, y que pudieron haber pasado por alto los protocolos, produci\u00e9ndose la filtraci\u00f3n medi\u00e1tica.<\/p>\n<p>&nbsp;<\/p>\n<p>&#8220;El juez va a decir donde se produjo la filtraci\u00f3n. Despu\u00e9s, el mecanismo de escucha es un sistema que tiene muchos mecanismos de seguridad y protocolos de confidencialidad, peor como en cualquier actividad esas responsabilidades tiene que ver con los actores que intervienen en las distintas etapas.<\/p>\n<p>&nbsp;<\/p>\n<p>Intervienen muchas personas en el proceso que tienen responsabilidades personales en el proceso&#8221;, explic\u00f3.<\/p>\n<p>&nbsp;<\/p>\n<p>El magistrado insisti\u00f3 en que no tuvo nada que ver la filtraci\u00f3n, al alegar que &#8220;cuando uno toma el tel\u00e9fono no puede saber con qui\u00e9n habla y de qu\u00e9 habla ni nada por el estilo&#8221;, en alusi\u00f3n a los di\u00e1logos coloquiales entre Cristina Kirchner y Parrilli.<\/p>\n<p>&nbsp;<\/p>\n<p>&nbsp;<\/p>\n<p>&nbsp;<\/p>\n<p><strong>Nuevas escuchas<\/strong><\/p>\n<p>En una serie de supuestas nuevas escuchas telef\u00f3nicas que se difundieron este domingo entre Cristina de Kirchner y Oscar Parrilli, la exmandataria apunta duramente contra la diputada y l\u00edder del GEN, Margarita Stolbizer, por las denuncias que hizo en su contra al tratarla de &#8220;mala e hija de puta&#8221;.<\/p>\n<p>&nbsp;<\/p>\n<p>Las conversaciones entre ambos exfuncionarios se habr\u00edan dado el pasado 12 de julio, d\u00eda en el que Cristina Kirchner denunci\u00f3 a Stolbizer y al juez federal Claudio Bonadio por la difusi\u00f3n de los resultados del allanamiento del estudio del contador V\u00edctor Manzanares, investigado en el marco de la causa &#8220;Los Sauces&#8221;.<\/p>\n<p>&nbsp;<\/p>\n<p>&#8220;Viste que la Stolbizer est\u00e1 loca&#8221;, le comenta la ex jefa de Estado al ex n\u00famero uno de los esp\u00edas, en referencia a la denuncia de la legisladora.<\/p>\n<p>&nbsp;<\/p>\n<p>En este sentido, la expresidenta le asegura a Parrilli que la diputada &#8220;meti\u00f3 la pata con esta \u00faltima&#8221; acusaci\u00f3n, la trata de &#8220;mala e hija de puta&#8221; y sostiene que quien le dio la informaci\u00f3n para iniciar la causa fue el propio Bonadio.<\/p>\n<p>&nbsp;<\/p>\n<p>&#8220;Stolbizer es solamente posicionamiento electoralista repudiable porque es mentira, y si hablan de narcotr\u00e1fico ella tiene un sobrino que fue, esp\u00e9rate que ya lo voy a buscar, te doy el nombre. El sobrino de ella fue. Con la generalizaci\u00f3n que habla ella podr\u00edamos decir, espera un minuto que ya lo busco. Anotate todo por favor. Hija de puta&#8221;, agrega Kirchner.<\/p>\n<p>&nbsp;<\/p>\n<p>La referente de la oposici\u00f3n menciona una serie de notas periodistas referidas a este caso policial y le pide entonces a Parrilli: &#8220;Matala a esa hija de puta&#8221;.<\/p>\n<p>&nbsp;<\/p>\n<p>Por otro lado, los exfuncionarios apuntan tambi\u00e9n contra el l\u00edder del Frente Renovador, Sergio Massa, al asegurar que es \u00e9l quien &#8220;la manda a hacer eso&#8221;.<\/p>\n<p>&nbsp;<\/p>\n<p>En otra de las transcripciones de las conversaciones que se publicaron este domingo en el portal Infobae, la expresidenta se muestra molestia por la denuncia de Stolbizer por presuntas irregularidades en el Instituto Patria.<\/p>\n<p>&nbsp;<\/p>\n<p>&#8220;Que explique de qu\u00e9 vive ella. \u00bfDe qu\u00e9, c\u00f3mo hace? \u00bfQui\u00e9n la financia a ella? \u00bfC\u00f3mo se financia ella para viajar, para ser pol\u00edtica, para hacer campa\u00f1as?&#8221;, cuestiona Cristina durante la llamada que habr\u00eda mantenido a fines de agosto pasado.<\/p>\n<p>&nbsp;<\/p>\n<p>Finalmente, es el propio Parrilli quien le comenta a su jefa que Stolbizer &#8220;parece que es una beneficiaria&#8221; del &#8220;esc\u00e1ndalo del Banco Hipotecario&#8221;.<\/p>\n<p>&nbsp;<\/p>\n<p>&#8220;Por eso, yo lo que pienso, ma\u00f1ana si quer\u00e9s, lo largo. Hasta ahora, lo que tengo es informaci\u00f3n period\u00edstica de que ella habr\u00eda sido beneficiaria de esas casas. \u00bfTe acord\u00e1s del Banco Hipotecario, lo que hicieron con los afiliados radicales?&#8221;, explica el exjefe de la AFI.<\/p>\n<p>&nbsp;<\/p>\n<p>El jefe de inteligencia del Gobierno kirchnerista se refiere a la causa contra la entidad financiera, acusada de entregar cr\u00e9ditos de manera irregular a dirigentes del radicalismo durante la gesti\u00f3n de Ra\u00fal Alfons\u00edn.<\/p>\n<p>&nbsp;<\/p>\n<p>&#8220;Bien, habl\u00e9 con Navarro. No, ya est\u00e1n en todos los portales, ya lo pusimos en todos lados. Ya lo sacamos todo&#8221;, le habr\u00eda confirmado Parrilli a Cristina unos d\u00edas m\u00e1s tarde.<\/p>\n","protected":false},"excerpt":{"rendered":"<p>El juez Ariel Lijo, quien hab\u00eda ordenado las escuchas a los tel\u00e9fonos de Oscar Parrilli, reconoci\u00f3 hoy que &#8220;no es normal&#8221; que las grabaciones de las conversaciones que el extitular de la AFI mantuvo con la expresidenta Cristina Kirchner se hayan filtrado a la prensa, pero neg\u00f3 tener responsabilidad sobre la cuesti\u00f3n. Sucedi\u00f3 al mismo tiempo que se difundieron nuevas escuchas &nbsp; &nbsp; &nbsp; &nbsp; &nbsp; &#8220;No es normal (que se difundan las escuchas), a tal punto que hice la denuncia. Y la semana pasada estaba anunciado que ten\u00edan la&#8230;<\/p>\n","protected":false},"author":3,"featured_media":9431,"comment_status":"closed","ping_status":"closed","sticky":false,"template":"","format":"standard","meta":[],"categories":[18],"tags":[],"_links":{"self":[{"href":"https:\/\/www.actualidadadiario.com\/index.php\/wp-json\/wp\/v2\/posts\/9430"}],"collection":[{"href":"https:\/\/www.actualidadadiario.com\/index.php\/wp-json\/wp\/v2\/posts"}],"about":[{"href":"https:\/\/www.actualidadadiario.com\/index.php\/wp-json\/wp\/v2\/types\/post"}],"author":[{"embeddable":true,"href":"https:\/\/www.actualidadadiario.com\/index.php\/wp-json\/wp\/v2\/users\/3"}],"replies":[{"embeddable":true,"href":"https:\/\/www.actualidadadiario.com\/index.php\/wp-json\/wp\/v2\/comments?post=9430"}],"version-history":[{"count":1,"href":"https:\/\/www.actualidadadiario.com\/index.php\/wp-json\/wp\/v2\/posts\/9430\/revisions"}],"predecessor-version":[{"id":9432,"href":"https:\/\/www.actualidadadiario.com\/index.php\/wp-json\/wp\/v2\/posts\/9430\/revisions\/9432"}],"wp:featuredmedia":[{"embeddable":true,"href":"https:\/\/www.actualidadadiario.com\/index.php\/wp-json\/wp\/v2\/media\/9431"}],"wp:attachment":[{"href":"https:\/\/www.actualidadadiario.com\/index.php\/wp-json\/wp\/v2\/media?parent=9430"}],"wp:term":[{"taxonomy":"category","embeddable":true,"href":"https:\/\/www.actualidadadiario.com\/index.php\/wp-json\/wp\/v2\/categories?post=9430"},{"taxonomy":"post_tag","embeddable":true,"href":"https:\/\/www.actualidadadiario.com\/index.php\/wp-json\/wp\/v2\/tags?post=9430"}],"curies":[{"name":"wp","href":"https:\/\/api.w.org\/{rel}","templated":true}]}}