{"id":9416,"date":"2017-04-03T09:42:03","date_gmt":"2017-04-03T12:42:03","guid":{"rendered":"http:\/\/actualidadadiario.com\/site\/?p=9416"},"modified":"2017-04-03T09:42:03","modified_gmt":"2017-04-03T12:42:03","slug":"produccion-de-las-pymes-industriales-cayo-5-en-febrero-y-cumplio-17-meses-consecutivos-en-baja","status":"publish","type":"post","link":"https:\/\/www.actualidadadiario.com\/index.php\/2017\/04\/03\/produccion-de-las-pymes-industriales-cayo-5-en-febrero-y-cumplio-17-meses-consecutivos-en-baja\/","title":{"rendered":"Producci\u00f3n de las pymes industriales cay\u00f3 5% en febrero y cumpli\u00f3 17 meses consecutivos en baja"},"content":{"rendered":"<p><em><strong>La producci\u00f3n de peque\u00f1as y medianas empresas cay\u00f3 5% en febrero interanual y cumpli\u00f3 17 meses consecutivos en baja, aunque hay brotes verdes en las industrias vinculadas a sectores agropecuarios, de acuerdo con un informe de la Confederaci\u00f3n Argentina de la Mediana Empresa (CAME)<\/strong><\/em><\/p>\n<p>&nbsp;<\/p>\n<p>&nbsp;<\/p>\n<p>&nbsp;<\/p>\n<p>&nbsp;<\/p>\n<p>&nbsp;<\/p>\n<p>&#8220;Mientras los Precios Transparentes y las importaciones afectaron a muchas ramas, hay brotes verdes en las industrias vinculadas a \u00b4Material de transporte\u00b4 y \u00b4Maquinaria y equipo\u00b4 por el impacto del crecimiento en algunos sectores agropecuarios. El resto de las producciones a\u00fan presenta ca\u00eddas muy profundas&#8221;, indic\u00f3 la entidad.<\/p>\n<p>&nbsp;<\/p>\n<p>El segundo mes del a\u00f1o volvi\u00f3 a ser malo para la mayor parte de los sectores fabriles, especialmente para calzados, textiles, muebles, minerales no met\u00e1licos y productos qu\u00edmicos, que finalizaron con bajas profundas. Los datos surgen de la Encuesta Mensual Industrial realizada por CAME entre 250 industrias PyME del pa\u00eds.<\/p>\n<p>&nbsp;<\/p>\n<p>El \u00cdndice de Producci\u00f3n Industrial PyME (IPIP) alcanz\u00f3 un valor de 78,6 puntos en el mes y acumula una ca\u00edda de 3,6% anual en el primer bimestre del a\u00f1o. En febrero s\u00f3lo el 24,8% de las industrias relevadas finalizaron con alzas interanuales, lo que signific\u00f3 un deterioro frente a enero (35,2% de empresas en alza).<\/p>\n<p>&nbsp;<\/p>\n<p>La menor proporci\u00f3n de industrias en crecimiento se debe a que si bien hubo sectores en recuperaci\u00f3n, otros se vieron afectados por la importaci\u00f3n y por el impacto de los Precios Transparentes sobre la demanda interna. As\u00ed, pas\u00f3 de 37,6% a 43,4% la cantidad de industrias en alza y de 27,2% a 31,9% las industrias que se mantuvieron en iguales niveles de producci\u00f3n que en febrero de 2016.<\/p>\n<p>&nbsp;<\/p>\n<p>Por sectores, las ramas que crecieron en febrero en la comparaci\u00f3n anual fueron: &#8220;Productos de metal, maquinaria y equipo&#8221; (2,1%) y &#8220;Material de Transporte&#8221; (10,2%).<\/p>\n<p>&nbsp;<\/p>\n<p>En el caso de &#8220;Productos electro-mec\u00e1nicos e inform\u00e1tica&#8221; que hab\u00eda tenido un suave crecimiento de 0,6% anual en enero, volvi\u00f3 a caer un 1,8% en febrero, aunque este descenso es m\u00e1s suave en relaci\u00f3n a lo ocurrido con otros sectores. A su vez, las bajas m\u00e1s profundas se registraron en: &#8220;Indumentaria y Textil&#8221; (-15,7%), &#8220;Maderas y muebles&#8221; (-14,9%), &#8220;Calzado y marroquiner\u00eda&#8221; (-13,4%), &#8220;Minerales no met\u00e1licos&#8221; (-12,4%), &#8220;Productos qu\u00edmicos&#8221; (-5,1%) y &#8220;Alimentos y bebidas&#8221; (-4,8%).<\/p>\n<p>&nbsp;<\/p>\n<p>La continuidad de la recesi\u00f3n en la mayor\u00eda de los sectores incidi\u00f3 en los planes de inversi\u00f3n: en febrero se redujo levemente la proporci\u00f3n de industrias con planes de expansi\u00f3n para 2017 (desde 41% a 38,5%).<\/p>\n<p>&nbsp;<\/p>\n<p>El 37,7% de las industrias relevadas manifestaron estar afectadas por el ingreso de importaciones en su sector y detallaron que el principal problema son los productos fabricados en pa\u00edses asi\u00e1ticos o africanos que entran a precios muy bajos y que le quitan mercado al producto nacional en un contexto donde, de por s\u00ed, las ventas est\u00e1n deprimidas, concluy\u00f3 el informe.<\/p>\n","protected":false},"excerpt":{"rendered":"<p>La producci\u00f3n de peque\u00f1as y medianas empresas cay\u00f3 5% en febrero interanual y cumpli\u00f3 17 meses consecutivos en baja, aunque hay brotes verdes en las industrias vinculadas a sectores agropecuarios, de acuerdo con un informe de la Confederaci\u00f3n Argentina de la Mediana Empresa (CAME) &nbsp; &nbsp; &nbsp; &nbsp; &nbsp; &#8220;Mientras los Precios Transparentes y las importaciones afectaron a muchas ramas, hay brotes verdes en las industrias vinculadas a \u00b4Material de transporte\u00b4 y \u00b4Maquinaria y equipo\u00b4 por el impacto del crecimiento en algunos sectores agropecuarios. El resto de las producciones a\u00fan&#8230;<\/p>\n","protected":false},"author":3,"featured_media":9417,"comment_status":"closed","ping_status":"closed","sticky":false,"template":"","format":"standard","meta":[],"categories":[2],"tags":[],"_links":{"self":[{"href":"https:\/\/www.actualidadadiario.com\/index.php\/wp-json\/wp\/v2\/posts\/9416"}],"collection":[{"href":"https:\/\/www.actualidadadiario.com\/index.php\/wp-json\/wp\/v2\/posts"}],"about":[{"href":"https:\/\/www.actualidadadiario.com\/index.php\/wp-json\/wp\/v2\/types\/post"}],"author":[{"embeddable":true,"href":"https:\/\/www.actualidadadiario.com\/index.php\/wp-json\/wp\/v2\/users\/3"}],"replies":[{"embeddable":true,"href":"https:\/\/www.actualidadadiario.com\/index.php\/wp-json\/wp\/v2\/comments?post=9416"}],"version-history":[{"count":1,"href":"https:\/\/www.actualidadadiario.com\/index.php\/wp-json\/wp\/v2\/posts\/9416\/revisions"}],"predecessor-version":[{"id":9418,"href":"https:\/\/www.actualidadadiario.com\/index.php\/wp-json\/wp\/v2\/posts\/9416\/revisions\/9418"}],"wp:featuredmedia":[{"embeddable":true,"href":"https:\/\/www.actualidadadiario.com\/index.php\/wp-json\/wp\/v2\/media\/9417"}],"wp:attachment":[{"href":"https:\/\/www.actualidadadiario.com\/index.php\/wp-json\/wp\/v2\/media?parent=9416"}],"wp:term":[{"taxonomy":"category","embeddable":true,"href":"https:\/\/www.actualidadadiario.com\/index.php\/wp-json\/wp\/v2\/categories?post=9416"},{"taxonomy":"post_tag","embeddable":true,"href":"https:\/\/www.actualidadadiario.com\/index.php\/wp-json\/wp\/v2\/tags?post=9416"}],"curies":[{"name":"wp","href":"https:\/\/api.w.org\/{rel}","templated":true}]}}