{"id":9410,"date":"2017-04-03T09:40:23","date_gmt":"2017-04-03T12:40:23","guid":{"rendered":"http:\/\/actualidadadiario.com\/site\/?p=9410"},"modified":"2017-04-03T09:40:23","modified_gmt":"2017-04-03T12:40:23","slug":"puma-confirmo-que-deja-de-producir-en-el-pais","status":"publish","type":"post","link":"https:\/\/www.actualidadadiario.com\/index.php\/2017\/04\/03\/puma-confirmo-que-deja-de-producir-en-el-pais\/","title":{"rendered":"Puma confirm\u00f3 que deja de producir en el pa\u00eds"},"content":{"rendered":"<p><em><strong>\u201cDecidimos cerrar por c\u00f3mo est\u00e1 el pa\u00eds\u201d, dijeron autoridades de la marca deportiva alemana. Ahora importar\u00e1n los productos. Los trabajadores intentan quedarse con las m\u00e1quinas para defender sus empleos<\/strong><\/em><\/p>\n<p>&nbsp;<\/p>\n<p>&nbsp;<\/p>\n<p>&nbsp;<\/p>\n<p>&nbsp;<\/p>\n<p>Trabajadores despedidos de la empresa Unisol, que fabricaba en la provincia de La Rioja calzados para la marca alemana Puma, aseguraron que el \u201ccierre es definitivo\u201d, debido a que la firma del pa\u00eds europeo sostuvo que su funcionamiento no resulta conveniente a los fines econ\u00f3micos por \u201cc\u00f3mo est\u00e1\u201d la Argentina.<\/p>\n<p>&nbsp;<\/p>\n<p>Por su parte, el diputado nacional por el justicialismo Luis Beder Herrera atribuy\u00f3 el cese de la actividad -que origin\u00f3 el despido de 130 operarios en La Rioja, Sanagasta y Chilecito- al incremento de \u201cla importaci\u00f3n\u201d dispuesto por el gobierno nacional.<\/p>\n<p>&nbsp;<\/p>\n<p>\u201cEl mi\u00e9rcoles por la ma\u00f1ana hubo una reuni\u00f3n con funcionarios nacionales y provinciales, legisladores, gremialistas y representantes de Puma en la Argentina, y se supo que la decisi\u00f3n del cierre definitivo es de Alemania por c\u00f3mo est\u00e1 el pa\u00eds\u201d, cont\u00f3 Franco Vald\u00e9s, despedido de la planta de Sanagasta.<\/p>\n<p>&nbsp;<\/p>\n<p>Al encuentro, asisti\u00f3 Herrera, quien en contacto con la prensa, sostuvo: \u201cNo se puede contra la importaci\u00f3n de calzados, contra las dos empresas competidoras de Puma que son Nike y Adidas, que s\u00f3lo arman o importan zapatillas armadas, mientras que Puma fabrica el calzado y la capellada\u201d.<\/p>\n<p>&nbsp;<\/p>\n<p>En la reuni\u00f3n, desde el Ministerio de Producci\u00f3n de la Naci\u00f3n sugirieron a la Provincia crear una SAPEM, en alusi\u00f3n a una Sociedad An\u00f3nima con Participaci\u00f3n Estatal Mayoritaria. Adem\u00e1s, se acord\u00f3 un pago de un subsidio de la Naci\u00f3n para los trabajadores despedidos durante seis meses y un aporte a futuro para el impulso inicial de la eventual SAPEM.<\/p>\n<p>&nbsp;<\/p>\n<p>\u201cEstamos destruidos porque no hab\u00edamos sido notificados de que iba a cerrar la empresa. Somos 60 los despedidos en Sanagasta y hay compa\u00f1eros con 30 a\u00f1os de antig\u00fcedad\u201d, expres\u00f3 Vald\u00e9s.<\/p>\n<p>&nbsp;<\/p>\n<p>Pese a manifestarse esperanzado en pasar a formar parte con sus compa\u00f1eros de la futura SAPEM, advirti\u00f3 que, en Sanagasta, los operarios cesanteados \u201cno permitir\u00e1n que se toquen las m\u00e1quinas\u201d de trabajo y continuar\u00e1n con el campamento montado frente a la f\u00e1brica.<\/p>\n","protected":false},"excerpt":{"rendered":"<p>\u201cDecidimos cerrar por c\u00f3mo est\u00e1 el pa\u00eds\u201d, dijeron autoridades de la marca deportiva alemana. Ahora importar\u00e1n los productos. Los trabajadores intentan quedarse con las m\u00e1quinas para defender sus empleos &nbsp; &nbsp; &nbsp; &nbsp; Trabajadores despedidos de la empresa Unisol, que fabricaba en la provincia de La Rioja calzados para la marca alemana Puma, aseguraron que el \u201ccierre es definitivo\u201d, debido a que la firma del pa\u00eds europeo sostuvo que su funcionamiento no resulta conveniente a los fines econ\u00f3micos por \u201cc\u00f3mo est\u00e1\u201d la Argentina. &nbsp; Por su parte, el diputado nacional&#8230;<\/p>\n","protected":false},"author":3,"featured_media":9411,"comment_status":"closed","ping_status":"closed","sticky":false,"template":"","format":"standard","meta":[],"categories":[2],"tags":[],"_links":{"self":[{"href":"https:\/\/www.actualidadadiario.com\/index.php\/wp-json\/wp\/v2\/posts\/9410"}],"collection":[{"href":"https:\/\/www.actualidadadiario.com\/index.php\/wp-json\/wp\/v2\/posts"}],"about":[{"href":"https:\/\/www.actualidadadiario.com\/index.php\/wp-json\/wp\/v2\/types\/post"}],"author":[{"embeddable":true,"href":"https:\/\/www.actualidadadiario.com\/index.php\/wp-json\/wp\/v2\/users\/3"}],"replies":[{"embeddable":true,"href":"https:\/\/www.actualidadadiario.com\/index.php\/wp-json\/wp\/v2\/comments?post=9410"}],"version-history":[{"count":1,"href":"https:\/\/www.actualidadadiario.com\/index.php\/wp-json\/wp\/v2\/posts\/9410\/revisions"}],"predecessor-version":[{"id":9412,"href":"https:\/\/www.actualidadadiario.com\/index.php\/wp-json\/wp\/v2\/posts\/9410\/revisions\/9412"}],"wp:featuredmedia":[{"embeddable":true,"href":"https:\/\/www.actualidadadiario.com\/index.php\/wp-json\/wp\/v2\/media\/9411"}],"wp:attachment":[{"href":"https:\/\/www.actualidadadiario.com\/index.php\/wp-json\/wp\/v2\/media?parent=9410"}],"wp:term":[{"taxonomy":"category","embeddable":true,"href":"https:\/\/www.actualidadadiario.com\/index.php\/wp-json\/wp\/v2\/categories?post=9410"},{"taxonomy":"post_tag","embeddable":true,"href":"https:\/\/www.actualidadadiario.com\/index.php\/wp-json\/wp\/v2\/tags?post=9410"}],"curies":[{"name":"wp","href":"https:\/\/api.w.org\/{rel}","templated":true}]}}