{"id":9407,"date":"2017-04-03T09:39:18","date_gmt":"2017-04-03T12:39:18","guid":{"rendered":"http:\/\/actualidadadiario.com\/site\/?p=9407"},"modified":"2017-04-03T09:39:18","modified_gmt":"2017-04-03T12:39:18","slug":"el-exjuez-carlos-rozanski-disertara-el-5-de-abril-en-parana","status":"publish","type":"post","link":"https:\/\/www.actualidadadiario.com\/index.php\/2017\/04\/03\/el-exjuez-carlos-rozanski-disertara-el-5-de-abril-en-parana\/","title":{"rendered":"El exjuez Carlos Rozanski disertar\u00e1 el 5 de abril en Paran\u00e1"},"content":{"rendered":"<p><em><strong>El jurista que aplic\u00f3 por primera vez la figura de genocidio en Argentina, estar\u00e1 en un panel organizado por la Universidad Aut\u00f3noma de Entre R\u00edos<\/strong><\/em><\/p>\n<p>&nbsp;<\/p>\n<p>&nbsp;<\/p>\n<p>&nbsp;<\/p>\n<p>El ex juez federal de La Plaza, Carlos Rozanski, que conden\u00f3 a cadena perpetua a los represores Miguel Etchecolatz y el cura Christian Von Wernich, en el marco de la investigaci\u00f3n por el circuito represivo en Buenos Aires de la \u00faltima dictadura, estar\u00e1 en la capital provincial.<\/p>\n<p>&nbsp;<\/p>\n<p>El reconocido jurista, que en su sentencia de septiembre de 2006 fue el primer magistrado en la historia argentina en entender que los cr\u00edmenes durante la dictadura como \u201cdelitos de lesa humanidad cometidos en el marco de un genocidio\u201d, estar\u00e1 junto a otros referentes en un debate donde se abordar\u00e1 \u201clos juicios de lesa humanidad y la disputa de sentidos en torno al pasado reciente en el pa\u00eds\u201d.<\/p>\n<p>&nbsp;<\/p>\n<p>El encuentro ser\u00e1 el mi\u00e9rcoles 5 de abril, a las 16, en el Auditorio Walter Heinze de la Escuela de M\u00fasica, Danza y Teatro de la casa de estudios, en calle Italia 61 de Paran\u00e1.<\/p>\n<p>&nbsp;<\/p>\n<p>La convocatoria la realiza la Universidad Aut\u00f3noma de Entre R\u00edos (Uader) para presentar formalmente una \u201cnueva etapa de trabajo del \u00c1rea de Promoci\u00f3n de Derechos Humanos y Participaci\u00f3n Ciudadana\u201d, coordinada por Sabrina Gullino y Alfredo Hoffman.<\/p>\n<p>&nbsp;<\/p>\n<p>Los encargados del \u00e1rea compartir\u00e1n la mesa con Rozanski, adem\u00e1s del rector de la Uader An\u00edbal Sattler; el subsecretario de Derechos Humanos de Entre R\u00edos, Mat\u00edas Germano; y Sof\u00eda Uranga.<\/p>\n<p>&nbsp;<\/p>\n<p>Rozanski, adem\u00e1s de haber condenado a Etchecolatz y Von Wernich, es docente y autor de trabajos sobre abuso sexual y violencia intrafamiliar.<\/p>\n<p>&nbsp;<\/p>\n<p>Desde el \u00e1rea de DD.HH de la Uader tambi\u00e9n consideraron la pertinencia de esta mesa debate a partir que observan un \u201cretrocesos dolorosos en materia de derechos humanos, pues el gobierno nacional ha tomado decisiones que no dejan dudas, como el posicionamiento asumido por la detenci\u00f3n arbitraria de Milagro Sala, la sanci\u00f3n de un protocolo para reprimir la protesta social y otras pol\u00edticas que tienden a reforzar la actuaci\u00f3n de las fuerzas de seguridad para garantizar la concreci\u00f3n de las medidas econ\u00f3micas de ajuste y distribuci\u00f3n regresiva de la riqueza\u201d.<\/p>\n<p>&nbsp;<\/p>\n<p>Tambi\u00e9n se denuncia \u201cel desmantelamiento de programas que aportan a la investigaci\u00f3n de los cr\u00edmenes de lesa humanidad\u201d y a una \u201cofensiva discursiva de funcionarios y medios hegem\u00f3nicos, donde se relativiza el terrorismo de Estado, se reflota la teor\u00eda de los \u2018dos demonios\u2019, se deslegitima a los hist\u00f3ricos organismos de derechos humanos y se legitima a sectores retr\u00f3grados defensores de la dictadura\u201d.<\/p>\n<p>&nbsp;<\/p>\n<p>En este escenario, desde la Universidad se propone \u201cun panel para analizar estas problem\u00e1ticas en dos planos: el jur\u00eddico y el comunicacional, donde por un lado podamos abordar las perspectivas para el juzgamiento de los responsables civiles del terrorismo de Estado y la criminalizaci\u00f3n de la protesta, entre otros ejes; y por el otro, analizar el rol de los medios y el casi nulo espacio para los derechos humanos, as\u00ed como tambi\u00e9n la disputa por las palabras que nombran a las violaciones y los desaf\u00edos para la comunicaci\u00f3n contrahegem\u00f3nica\u201d.<\/p>\n","protected":false},"excerpt":{"rendered":"<p>El jurista que aplic\u00f3 por primera vez la figura de genocidio en Argentina, estar\u00e1 en un panel organizado por la Universidad Aut\u00f3noma de Entre R\u00edos &nbsp; &nbsp; &nbsp; El ex juez federal de La Plaza, Carlos Rozanski, que conden\u00f3 a cadena perpetua a los represores Miguel Etchecolatz y el cura Christian Von Wernich, en el marco de la investigaci\u00f3n por el circuito represivo en Buenos Aires de la \u00faltima dictadura, estar\u00e1 en la capital provincial. &nbsp; El reconocido jurista, que en su sentencia de septiembre de 2006 fue el primer&#8230;<\/p>\n","protected":false},"author":3,"featured_media":9408,"comment_status":"closed","ping_status":"closed","sticky":false,"template":"","format":"standard","meta":[],"categories":[15],"tags":[],"_links":{"self":[{"href":"https:\/\/www.actualidadadiario.com\/index.php\/wp-json\/wp\/v2\/posts\/9407"}],"collection":[{"href":"https:\/\/www.actualidadadiario.com\/index.php\/wp-json\/wp\/v2\/posts"}],"about":[{"href":"https:\/\/www.actualidadadiario.com\/index.php\/wp-json\/wp\/v2\/types\/post"}],"author":[{"embeddable":true,"href":"https:\/\/www.actualidadadiario.com\/index.php\/wp-json\/wp\/v2\/users\/3"}],"replies":[{"embeddable":true,"href":"https:\/\/www.actualidadadiario.com\/index.php\/wp-json\/wp\/v2\/comments?post=9407"}],"version-history":[{"count":1,"href":"https:\/\/www.actualidadadiario.com\/index.php\/wp-json\/wp\/v2\/posts\/9407\/revisions"}],"predecessor-version":[{"id":9409,"href":"https:\/\/www.actualidadadiario.com\/index.php\/wp-json\/wp\/v2\/posts\/9407\/revisions\/9409"}],"wp:featuredmedia":[{"embeddable":true,"href":"https:\/\/www.actualidadadiario.com\/index.php\/wp-json\/wp\/v2\/media\/9408"}],"wp:attachment":[{"href":"https:\/\/www.actualidadadiario.com\/index.php\/wp-json\/wp\/v2\/media?parent=9407"}],"wp:term":[{"taxonomy":"category","embeddable":true,"href":"https:\/\/www.actualidadadiario.com\/index.php\/wp-json\/wp\/v2\/categories?post=9407"},{"taxonomy":"post_tag","embeddable":true,"href":"https:\/\/www.actualidadadiario.com\/index.php\/wp-json\/wp\/v2\/tags?post=9407"}],"curies":[{"name":"wp","href":"https:\/\/api.w.org\/{rel}","templated":true}]}}