{"id":9404,"date":"2017-04-03T09:38:31","date_gmt":"2017-04-03T12:38:31","guid":{"rendered":"http:\/\/actualidadadiario.com\/site\/?p=9404"},"modified":"2017-04-03T09:38:31","modified_gmt":"2017-04-03T12:38:31","slug":"el-senado-fue-convocado-para-sesionar-esta-semana","status":"publish","type":"post","link":"https:\/\/www.actualidadadiario.com\/index.php\/2017\/04\/03\/el-senado-fue-convocado-para-sesionar-esta-semana\/","title":{"rendered":"El Senado fue convocado para sesionar esta semana"},"content":{"rendered":"<p><em><strong>El Senado fue convocado a sesi\u00f3n ordinaria para los d\u00edas martes 4 de abril, mi\u00e9rcoles 5 y jueves 6, a las 19 las dos primaras jornadas, y a las 11 en la tercera. Adem\u00e1s habr\u00e1 reuniones de comisi\u00f3n<\/strong><\/em><\/p>\n<p>&nbsp;<\/p>\n<p>&nbsp;<\/p>\n<p>Se inform\u00f3 que el martes 4 de abril, a las 12, se reunir\u00e1 la Comisi\u00f3n de Asuntos Municipales.<\/p>\n<p>&nbsp;<\/p>\n<p>El mismo d\u00eda, a las 18, se reunir\u00e1 la comisi\u00f3n de Asuntos Constitucionales y Acuerdos.<\/p>\n<p>&nbsp;<\/p>\n<p>En tanto, a las 19, har\u00e1 lo propio la Comisi\u00f3n de Legislaci\u00f3n General.<\/p>\n<p>&nbsp;<\/p>\n<p>Para el mi\u00e9rcoles 5, a las 11, fue citada la Comisi\u00f3n de Presupuesto y Hacienda.<\/p>\n","protected":false},"excerpt":{"rendered":"<p>El Senado fue convocado a sesi\u00f3n ordinaria para los d\u00edas martes 4 de abril, mi\u00e9rcoles 5 y jueves 6, a las 19 las dos primaras jornadas, y a las 11 en la tercera. Adem\u00e1s habr\u00e1 reuniones de comisi\u00f3n &nbsp; &nbsp; Se inform\u00f3 que el martes 4 de abril, a las 12, se reunir\u00e1 la Comisi\u00f3n de Asuntos Municipales. &nbsp; El mismo d\u00eda, a las 18, se reunir\u00e1 la comisi\u00f3n de Asuntos Constitucionales y Acuerdos. &nbsp; En tanto, a las 19, har\u00e1 lo propio la Comisi\u00f3n de Legislaci\u00f3n General. &nbsp; Para&#8230;<\/p>\n","protected":false},"author":3,"featured_media":9405,"comment_status":"closed","ping_status":"closed","sticky":false,"template":"","format":"standard","meta":[],"categories":[15],"tags":[],"_links":{"self":[{"href":"https:\/\/www.actualidadadiario.com\/index.php\/wp-json\/wp\/v2\/posts\/9404"}],"collection":[{"href":"https:\/\/www.actualidadadiario.com\/index.php\/wp-json\/wp\/v2\/posts"}],"about":[{"href":"https:\/\/www.actualidadadiario.com\/index.php\/wp-json\/wp\/v2\/types\/post"}],"author":[{"embeddable":true,"href":"https:\/\/www.actualidadadiario.com\/index.php\/wp-json\/wp\/v2\/users\/3"}],"replies":[{"embeddable":true,"href":"https:\/\/www.actualidadadiario.com\/index.php\/wp-json\/wp\/v2\/comments?post=9404"}],"version-history":[{"count":1,"href":"https:\/\/www.actualidadadiario.com\/index.php\/wp-json\/wp\/v2\/posts\/9404\/revisions"}],"predecessor-version":[{"id":9406,"href":"https:\/\/www.actualidadadiario.com\/index.php\/wp-json\/wp\/v2\/posts\/9404\/revisions\/9406"}],"wp:featuredmedia":[{"embeddable":true,"href":"https:\/\/www.actualidadadiario.com\/index.php\/wp-json\/wp\/v2\/media\/9405"}],"wp:attachment":[{"href":"https:\/\/www.actualidadadiario.com\/index.php\/wp-json\/wp\/v2\/media?parent=9404"}],"wp:term":[{"taxonomy":"category","embeddable":true,"href":"https:\/\/www.actualidadadiario.com\/index.php\/wp-json\/wp\/v2\/categories?post=9404"},{"taxonomy":"post_tag","embeddable":true,"href":"https:\/\/www.actualidadadiario.com\/index.php\/wp-json\/wp\/v2\/tags?post=9404"}],"curies":[{"name":"wp","href":"https:\/\/api.w.org\/{rel}","templated":true}]}}