{"id":9401,"date":"2017-04-03T09:37:40","date_gmt":"2017-04-03T12:37:40","guid":{"rendered":"http:\/\/actualidadadiario.com\/site\/?p=9401"},"modified":"2017-04-03T09:37:40","modified_gmt":"2017-04-03T12:37:40","slug":"se-eleva-a-juicio-la-primera-causa-por-la-fumigacion-de-una-escuela-en-la-provincia","status":"publish","type":"post","link":"https:\/\/www.actualidadadiario.com\/index.php\/2017\/04\/03\/se-eleva-a-juicio-la-primera-causa-por-la-fumigacion-de-una-escuela-en-la-provincia\/","title":{"rendered":"Se eleva a juicio la primera causa por la fumigaci\u00f3n de una escuela en la provincia"},"content":{"rendered":"<p><em><strong>El lunes 10 de abril, en Concepci\u00f3n del Uruguay, una fiscal pedir\u00e1 en audiencia que se lleve a estrados judiciales el caso ocurrido en la escuela N\u00ba 44 de Santa Anita, en 2014. Las v\u00edctimas denunciantes quieren sentar un precedente<\/strong><\/em><\/p>\n<p>&nbsp;<\/p>\n<p>&nbsp;<\/p>\n<p>&nbsp;<\/p>\n<p>spu\u00e9s de m\u00e1s de dos a\u00f1os de investigaciones, la causa iniciada por la comunidad educativa de la Escuela N\u00b0 44 Rep\u00fablica Argentina de Santa Anita, debido a la contaminaci\u00f3n e impacto en la salud de docentes y alumnos ocasionadas por el empleo de plaguicidas, llegar\u00e1 a juicio. En audiencia a realizarse el pr\u00f3ximo lunes 10 de abril, en Concepci\u00f3n del Uruguay, la fiscal Melisa R\u00edos pedir\u00e1 la elevaci\u00f3n a juicio de la causa por la fumigaci\u00f3n en esa escuela rural del departamento Concepci\u00f3n del Uruguay, sucedida el 4 de diciembre de 2014. Por ese hecho, estudiantes y la docente Mariela Leiva debieron recibir atenci\u00f3n m\u00e9dica en el hospital Reverendo Padre Betcher, por v\u00f3mitos, n\u00e1useas, dolores estomacales, erupciones en la piel y mucosas.<\/p>\n<p>&nbsp;<\/p>\n<p>De este modo, se convertir\u00e1 en la primera causa en Entre R\u00edos que se eleva a juicio por fumigaci\u00f3n. Fue iniciada por una docente, y desde la campa\u00f1a Paren de Fumigar las Escuelas, que es encabezada por el sindicato docente.<\/p>\n<p>&nbsp;<\/p>\n<p>Pese a la continuidad de la problem\u00e1tica, y los distintos proyectos legislativos, la Legislatura provincial nunca pudo dar sanci\u00f3n a una nueva normativa, que reemplace a la vetusta Ley 6.999 de Agroqu\u00edmicos. Mientras intereses contrapuestos y posturas encontradas impiden disponer medidas sanitarias adecuadas para comunidades educativas y poblaciones en riesgo, numerosas ciudades fueron ampliando distancias libres de fumigaci\u00f3n, que superan los 50 metros de la anacr\u00f3nica ley provincial, y que oscilan desde 200 hasta 1.000 metros.<\/p>\n<p>&nbsp;<\/p>\n<p>Sigue habiendo fumigaciones, sin control, plante\u00f3 la directora de la escuela rural N\u00b044 e integrante del proyecto Paren de Fumigar, Mariela Leiva. En di\u00e1logo con UNO, aclar\u00f3 que la situaci\u00f3n mejor\u00f3 en el departamento Concepci\u00f3n, pero siguen ocurriendo estos hechos en otros lugares de la provincia. Repas\u00f3 las investigaciones y los estudios de aire, suelo y agua encarados a instancias y pedidos del colectivo social, a cargo de las universidades nacionales de La Plata y de Rosario, y la estrategia de nuevas investigaciones, que apuntan a desnudar un modelo de producci\u00f3n contaminante, que pone en riesgo la salud de la poblaci\u00f3n.<\/p>\n<p>&nbsp;<\/p>\n<p>&#8220;No estamos en contra de nadie, sino que buscamos lo m\u00e1s importante, que es cuidar la salud de todos los trabajadores docentes de las escuelas rurales, de la gente que vive en el campo y de toda la ciudadan\u00eda, porque recordemos que la casa nuestra es esta tierra, y que es un pr\u00e9stamo de las generaciones futuras, hacia nosotros&#8221;, reflexion\u00f3 la integrante de la Asociaci\u00f3n Gremial del Magisterio de Entre R\u00edos (Agmer) seccional Uruguay, filial Basavilbaso.<\/p>\n<p>&nbsp;<\/p>\n<p>&nbsp;<\/p>\n<p>&nbsp;<\/p>\n<p><strong>\u2014\u00bfC\u00f3mo ha sido toda esta etapa previa de investigaciones y pruebas, para llegar a la elevaci\u00f3n a juicio de la causa?<\/strong><\/p>\n<p>\u2014En todo este tiempo se han ido aportando pruebas, nosotros como denunciantes, y tambi\u00e9n la misma Fiscal\u00eda, a trav\u00e9s de distintos informes que solicit\u00f3, a peritos m\u00e9dicos, peritos agr\u00f3nomos que fue nombrado la misma fiscal, incluso a la misma estaci\u00f3n meteorol\u00f3gica para observar las condiciones clim\u00e1ticas reinantes en el momento de la aplicaci\u00f3n de la fumigaci\u00f3n. As\u00ed que han participado aportando pruebas distintos agentes.<\/p>\n<p>&nbsp;<\/p>\n<p>Est\u00e1, por ejemplo, el informe del m\u00e9dico forense, que dice que los s\u00edntomas que sufrimos tanto yo como los alumnos, son compatibles con los s\u00edntomas por intoxicaci\u00f3n con agroqu\u00edmicos. El perito agr\u00f3nomo, tambi\u00e9n dijo que las condiciones que se hab\u00eda realizado la aplicaci\u00f3n no eran correspondientes con la Ley 6.999 de Agroqu\u00edmicos. Y una de las m\u00e1s importantes fue el video del avi\u00f3n aplicando. Tanto el informe del perito m\u00e9dico, del perito agr\u00f3nomo y de la estaci\u00f3n meteorol\u00f3gica del INTA van a ser muy importantes y pruebas contundentes para que esto tenga un resultado favorable.<\/p>\n<p>&nbsp;<\/p>\n<p>&nbsp;<\/p>\n<p>&nbsp;<\/p>\n<p><strong>Modelo<\/strong><\/p>\n<p>El objetivo del juicio, para los denunciantes, es justamente que el clamor y la exigencia se hagan realidad, y paren de fumigar las escuelas, explic\u00f3 Leiva. &#8220;Nosotros no estamos en contra de los productores ni de ingenieros agr\u00f3nomos; apostamos a un cambio del modelo productivo que nos est\u00e1 envenenando y matando. Y por eso bregamos por fomentar la agro-ecolog\u00eda, como herramienta principal en esta lucha. Lo m\u00e1s importante es cuidar la salud ya sea de todos los trabajadores docentes de las escuelas rurales, de la gente que vive en el campo y est\u00e1 expuesta, y de toda la ciudadan\u00eda; y tambi\u00e9n cuidar el medio ambiente, porque recordemos que la casa nuestra es esta tierra, y que es un pr\u00e9stamo de las generaciones futuras, hacia nosotros.<\/p>\n<p>&nbsp;<\/p>\n<p>&nbsp;<\/p>\n<p><strong>\u2014\u00bfHubo avances en materia de normas legales, m\u00e1s all\u00e1 del infructuoso e improductivo camino en la Legislatura?<\/strong><\/p>\n<p>\u2014Entre R\u00edos tiene una ley provincial, la 6.999, que dice que son 50 metros terrestres, la regulaci\u00f3n de distancia, y de 200 metros, v\u00eda \u00e1rea. Es una ley muy vieja. Pero las distintas asambleas ambientales que funcionan en distintas localidades, han logrado distintas ordenanzas municipales: esas ordenanzas no pueden desdecir la ley de achicar plazos o acortar distancias, no puede autorizar una fumigaci\u00f3n a 20 metros, pero siempre puede agrandar la distancia. Y por eso en la escuela N\u00ba 44 Rep\u00fablica Argentina logramos una ordenanza municipal que hable de 1.000 metros libre sin fumigaci\u00f3n. En Concepci\u00f3n del Uruguay, que es la sede del sindicato donde se desarrolla la campa\u00f1a Paren de Fumigar, en conjunto con escuelas y la Asamblea Ambiental, se logr\u00f3 una ordenanza de 500 metros libres. Y en Basavilbaso hay una ordenanza de 200 metros libres, dentro de lo que es el ejido municipal.<\/p>\n<p>&nbsp;<\/p>\n<p>&nbsp;<\/p>\n<p><strong>\u2014\u00bfPor qu\u00e9 no han podido avanzar los distintos proyectos legislativos provinciales?<\/strong><\/p>\n<p>\u2014A fines del a\u00f1o pasado, la Campa\u00f1a Paren de Fumigar, representada en mi nombre, junto con Elba Est\u00e9vez de Paran\u00e1, que trabaja en la comisi\u00f3n de Ambiente del sindicato docente, estuvimos convocadas para la nueva ley de agroqu\u00edmicos, que quer\u00eda hacer el senador H\u00e9ctor Blanco. No nos quer\u00edan dar la palabra, exigimos distancias, pero ellos nos dec\u00edan que nosotros quer\u00edamos hacer una ley, que si ajust\u00e1bamos demasiado, iba a caer por su propio peso como todos los otros proyectos de ley que se quer\u00edan implementar. La postura nuestra fue que est\u00e1bamos en contra, a partir de la investigaci\u00f3n de esta causa de la escuela 44, que se relaciona con puntos espec\u00edficos de la ley, en las distancias, en las condiciones meteorol\u00f3gicas, en la receta agron\u00f3mica. Seg\u00fan ellos, estamos apuntando a miles de hect\u00e1reas improductivas alrededor de los cascos urbanos. Nosotros vamos por el no a los agroqu\u00edmicos, y sostenemos que all\u00ed podr\u00edamos dar impulso a las agro-ecolog\u00eda; los rindes van a ser menos pero las ganancias m\u00e1s, y no solo referido al dinero, sino a salud y ambiente.<\/p>\n<p>&nbsp;<\/p>\n<p>&nbsp;<\/p>\n<p><strong>\u2014\u00bfC\u00f3mo siguen las acciones del colectivo Paren de Fumigar?<\/strong><\/p>\n<p>\u2014Nuestro objetivo es acompa\u00f1ar al docente que va a hacer una denuncia. Acompa\u00f1arlo legalmente con un asesor letrado, a hacer la denuncia, porque una exposici\u00f3n no sirve. Hemos encarado distintas acciones, campamentos ambientales, monitoreos ambientales, medimos contaminaci\u00f3n de agua, aire y suelo, a trav\u00e9s de trabajos realizados por la Universidad Nacional de Rosario y la Universidad Nacional de La Plata (UNLP). Ahora, en breve, vamos a iniciar un nuevo proyecto, en conjunto entre la Universidad de C\u00f3rdoba y la UNLP, referido a un an\u00e1lisis gen\u00e9tico, de da\u00f1o gen\u00e9tico por los agroqu\u00edmicos. Ser\u00eda en zona rural. Ya hicimos un monitoreo ambiental de agua, aire y suelo, en siete escuelas de todo el departamento Uruguay: en esas siete escuelas se har\u00e1 ahora, a partir de mayo, un estudio gen\u00e9tico, de geotoxicidad en los chicos, a cargo de la UNC. Queremos lograr sentar un precedente, una causa-efecto: medimos la contaminaci\u00f3n de agua, aire y suelo, y ahora lo que queremos medir el da\u00f1o gen\u00e9tico que puede producir vivir en este ambiente contaminado, en los ni\u00f1os y qu\u00e9 puede llegar a causar.<\/p>\n<p>&nbsp;<\/p>\n<p>Ya se han hecho este tipo de estudios, pero a\u00fan no con un previo an\u00e1lisis ambiental exhaustivo como lo hizo la UNLP. Y lo que quer\u00edamos hacer tambi\u00e9n es la comparaci\u00f3n del da\u00f1o gen\u00e9tico de estos ni\u00f1os que est\u00e1n en las escuelas rurales, con una escuela de ciudad. No lo informaron en la instituci\u00f3n. Incluso, no llevan la identificaci\u00f3n a trav\u00e9s de una medalla, que es fundamental por si les pasa algo.<\/p>\n<p>&nbsp;<\/p>\n<p>&nbsp;<\/p>\n<p>&nbsp;<\/p>\n<p><strong>Movilizados y con estudios sanitarios<\/strong><\/p>\n<p>A instancias del sindicato docente, en abril del a\u00f1o pasado se realiz\u00f3 un campamento sanitario con m\u00e9dicos y estudiantes avanzados de la Facultad de Medicina de la Universidad Nacional de Rosario, para detectar el perfil de morbimortalidad y epidemiol\u00f3gico de la poblaci\u00f3n.<\/p>\n<p>&nbsp;<\/p>\n<p>Similares experiencias acad\u00e9micas de extensi\u00f3n se hab\u00edan realizado en Bovril, en 2011, y m\u00e1s tarde, en 2015, en San Salvador. En todos los casos, se organizaron en el marco del ciclo de Pr\u00e1ctica final de la carrera, pero ante la demanda de esas poblaciones, alertadas por el incremento exponencial de los casos de c\u00e1ncer.<\/p>\n","protected":false},"excerpt":{"rendered":"<p>El lunes 10 de abril, en Concepci\u00f3n del Uruguay, una fiscal pedir\u00e1 en audiencia que se lleve a estrados judiciales el caso ocurrido en la escuela N\u00ba 44 de Santa Anita, en 2014. Las v\u00edctimas denunciantes quieren sentar un precedente &nbsp; &nbsp; &nbsp; spu\u00e9s de m\u00e1s de dos a\u00f1os de investigaciones, la causa iniciada por la comunidad educativa de la Escuela N\u00b0 44 Rep\u00fablica Argentina de Santa Anita, debido a la contaminaci\u00f3n e impacto en la salud de docentes y alumnos ocasionadas por el empleo de plaguicidas, llegar\u00e1 a juicio&#8230;.<\/p>\n","protected":false},"author":3,"featured_media":9402,"comment_status":"closed","ping_status":"closed","sticky":false,"template":"","format":"standard","meta":[],"categories":[15],"tags":[],"_links":{"self":[{"href":"https:\/\/www.actualidadadiario.com\/index.php\/wp-json\/wp\/v2\/posts\/9401"}],"collection":[{"href":"https:\/\/www.actualidadadiario.com\/index.php\/wp-json\/wp\/v2\/posts"}],"about":[{"href":"https:\/\/www.actualidadadiario.com\/index.php\/wp-json\/wp\/v2\/types\/post"}],"author":[{"embeddable":true,"href":"https:\/\/www.actualidadadiario.com\/index.php\/wp-json\/wp\/v2\/users\/3"}],"replies":[{"embeddable":true,"href":"https:\/\/www.actualidadadiario.com\/index.php\/wp-json\/wp\/v2\/comments?post=9401"}],"version-history":[{"count":1,"href":"https:\/\/www.actualidadadiario.com\/index.php\/wp-json\/wp\/v2\/posts\/9401\/revisions"}],"predecessor-version":[{"id":9403,"href":"https:\/\/www.actualidadadiario.com\/index.php\/wp-json\/wp\/v2\/posts\/9401\/revisions\/9403"}],"wp:featuredmedia":[{"embeddable":true,"href":"https:\/\/www.actualidadadiario.com\/index.php\/wp-json\/wp\/v2\/media\/9402"}],"wp:attachment":[{"href":"https:\/\/www.actualidadadiario.com\/index.php\/wp-json\/wp\/v2\/media?parent=9401"}],"wp:term":[{"taxonomy":"category","embeddable":true,"href":"https:\/\/www.actualidadadiario.com\/index.php\/wp-json\/wp\/v2\/categories?post=9401"},{"taxonomy":"post_tag","embeddable":true,"href":"https:\/\/www.actualidadadiario.com\/index.php\/wp-json\/wp\/v2\/tags?post=9401"}],"curies":[{"name":"wp","href":"https:\/\/api.w.org\/{rel}","templated":true}]}}