{"id":9398,"date":"2017-04-03T09:36:53","date_gmt":"2017-04-03T12:36:53","guid":{"rendered":"http:\/\/actualidadadiario.com\/site\/?p=9398"},"modified":"2017-04-03T09:36:53","modified_gmt":"2017-04-03T12:36:53","slug":"continua-la-toma-en-el-cge-y-hoy-comienza-el-acampe-docente","status":"publish","type":"post","link":"https:\/\/www.actualidadadiario.com\/index.php\/2017\/04\/03\/continua-la-toma-en-el-cge-y-hoy-comienza-el-acampe-docente\/","title":{"rendered":"Contin\u00faa la toma en el CGE y hoy comienza el acampe docente"},"content":{"rendered":"<p><em><strong>Docentes nucleados en la seccional Paran\u00e1 de Agmer manten\u00edan ayer la ocupaci\u00f3n en el hall del edificio del Consejo General de Educaci\u00f3n (CGE) en reclamo por los descuentos aplicados por el Gobierno provincial a los huelguistas<\/strong><\/em><\/p>\n<p>&nbsp;<\/p>\n<p>&nbsp;<\/p>\n<p>&nbsp;<\/p>\n<p>&nbsp;<\/p>\n<p>Tal como est\u00e1 previsto, por la tarde se realiz\u00f3 un festival solidario pese a la copiosa lluvia que afect\u00f3 a la regi\u00f3n. Se presentaron artistas de la zona para acompa\u00f1ar la medida, en una jornada que sirvi\u00f3 para recolectar alimentos no perecederos y se coloc\u00f3 una alcanc\u00eda para que los que pod\u00edan realizar alguna colaboraci\u00f3n econ\u00f3mica.<\/p>\n<p>&nbsp;<\/p>\n<p>&#8220;Son innumerables los docentes que han cobrado tan solo 10 y 20 pesos, as\u00ed como otros cuyos salarios han sido recortados en un 80% o en 50%. Por esto convocamos a todas las familias entrerrianas a compartir con nosotros, frente al Consejo General de Educaci\u00f3n (Laprida y C\u00f3rdoba) donde estamos realizando la toma, un festival en solidaridad con aquellos trabajadores que comienzan el mes con la mesa vac\u00eda&#8221;, se indic\u00f3 en la convocatoria.<\/p>\n<p>&nbsp;<\/p>\n<p>&nbsp;<\/p>\n<p>&nbsp;<\/p>\n<p><strong>Carpa docente<\/strong><\/p>\n<p>El Frente Sindical Docente, conformado por los gremios Agmer, AMET, Sadop y UDA, instalar\u00e1 a partir de hoy una carpa frente a la Casa de Gobierno, en repudio a &#8220;los descuentos indiscriminados con la liquidaci\u00f3n de haberes del mes de marzo&#8221;.<\/p>\n<p>&nbsp;<\/p>\n<p>En un comunicado, el colectivo sindical inst\u00f3 al Gobierno a presentar una nueva propuesta salarial, con vistas a una semana que tendr\u00e1 dos jornadas de paro docente, en adhesi\u00f3n a la medida convocada por Ctera y el paro general de la CGT.<\/p>\n","protected":false},"excerpt":{"rendered":"<p>Docentes nucleados en la seccional Paran\u00e1 de Agmer manten\u00edan ayer la ocupaci\u00f3n en el hall del edificio del Consejo General de Educaci\u00f3n (CGE) en reclamo por los descuentos aplicados por el Gobierno provincial a los huelguistas &nbsp; &nbsp; &nbsp; &nbsp; Tal como est\u00e1 previsto, por la tarde se realiz\u00f3 un festival solidario pese a la copiosa lluvia que afect\u00f3 a la regi\u00f3n. Se presentaron artistas de la zona para acompa\u00f1ar la medida, en una jornada que sirvi\u00f3 para recolectar alimentos no perecederos y se coloc\u00f3 una alcanc\u00eda para que los&#8230;<\/p>\n","protected":false},"author":3,"featured_media":9399,"comment_status":"closed","ping_status":"closed","sticky":false,"template":"","format":"standard","meta":[],"categories":[15],"tags":[],"_links":{"self":[{"href":"https:\/\/www.actualidadadiario.com\/index.php\/wp-json\/wp\/v2\/posts\/9398"}],"collection":[{"href":"https:\/\/www.actualidadadiario.com\/index.php\/wp-json\/wp\/v2\/posts"}],"about":[{"href":"https:\/\/www.actualidadadiario.com\/index.php\/wp-json\/wp\/v2\/types\/post"}],"author":[{"embeddable":true,"href":"https:\/\/www.actualidadadiario.com\/index.php\/wp-json\/wp\/v2\/users\/3"}],"replies":[{"embeddable":true,"href":"https:\/\/www.actualidadadiario.com\/index.php\/wp-json\/wp\/v2\/comments?post=9398"}],"version-history":[{"count":1,"href":"https:\/\/www.actualidadadiario.com\/index.php\/wp-json\/wp\/v2\/posts\/9398\/revisions"}],"predecessor-version":[{"id":9400,"href":"https:\/\/www.actualidadadiario.com\/index.php\/wp-json\/wp\/v2\/posts\/9398\/revisions\/9400"}],"wp:featuredmedia":[{"embeddable":true,"href":"https:\/\/www.actualidadadiario.com\/index.php\/wp-json\/wp\/v2\/media\/9399"}],"wp:attachment":[{"href":"https:\/\/www.actualidadadiario.com\/index.php\/wp-json\/wp\/v2\/media?parent=9398"}],"wp:term":[{"taxonomy":"category","embeddable":true,"href":"https:\/\/www.actualidadadiario.com\/index.php\/wp-json\/wp\/v2\/categories?post=9398"},{"taxonomy":"post_tag","embeddable":true,"href":"https:\/\/www.actualidadadiario.com\/index.php\/wp-json\/wp\/v2\/tags?post=9398"}],"curies":[{"name":"wp","href":"https:\/\/api.w.org\/{rel}","templated":true}]}}