{"id":9392,"date":"2017-04-03T09:35:16","date_gmt":"2017-04-03T12:35:16","guid":{"rendered":"http:\/\/actualidadadiario.com\/site\/?p=9392"},"modified":"2017-04-03T09:35:16","modified_gmt":"2017-04-03T12:35:16","slug":"entre-rios-cancelo-557-millones-de-pesos-de-deuda-publica","status":"publish","type":"post","link":"https:\/\/www.actualidadadiario.com\/index.php\/2017\/04\/03\/entre-rios-cancelo-557-millones-de-pesos-de-deuda-publica\/","title":{"rendered":"Entre R\u00edos cancel\u00f3 557 millones de pesos de deuda p\u00fablica"},"content":{"rendered":"<p><em><strong>As\u00ed lo hizo saber el ministro de Econom\u00eda, Hugo Ballay. Destac\u00f3 la administraci\u00f3n provincial de las cuentas que supone el desarrollo de pol\u00edticas en distintas \u00e1reas pero tambi\u00e9n \u201chacer frente a programas que ya no financia el gobierno nacional\u201d<\/strong><\/em><\/p>\n<p>&nbsp;<\/p>\n<p>&nbsp;<\/p>\n<p>&nbsp;<\/p>\n<p>&nbsp;<\/p>\n<p>&#8220;La Provincia de Entre R\u00edos cancel\u00f3 pasivos por m\u00e1s de 557 millones de pesos que corresponden al Programa de Letras del a\u00f1o 2016&#8243;, inform\u00f3 el ministro de Econom\u00eda, Hugo Ballay.<\/p>\n<p>&nbsp;<\/p>\n<p>\u201cVamos cumpliendo con los objetivos de ordenamiento financiero propuestos por nuestra gesti\u00f3n, eliminando pasivos que tienen una alta tasa de inter\u00e9s y plazos de amortizaci\u00f3n cortos&#8221;, precis\u00f3.<\/p>\n<p>&nbsp;<\/p>\n<p>Fue el pasado 23 de marzo cuando se procedi\u00f3 a cancelar pasivos por la suma de $ 557.602.000, los cuales correspond\u00edan al Programa de Letras del a\u00f1o 2016, de acuerdo al siguiente detalle:<\/p>\n<p>&nbsp;<\/p>\n<p>Serie VII Clase B $ 85.150.000<\/p>\n<p>Serie IX Clase A $ 158.474.000<\/p>\n<p>Serie X Clase A $ 313.978.000<\/p>\n<p>&nbsp;<\/p>\n<p>Ballay se\u00f1al\u00f3 que &#8220;estas cancelaciones corresponden a emisiones realizadas en los meses de septiembre, noviembre y diciembre del a\u00f1o 2016 respectivamente y se realizaron con recursos obtenidos por la provincia mediante la aplicaci\u00f3n del programa de refinanciamiento de pasivos a corto plazo&#8221;.<\/p>\n<p>&nbsp;<\/p>\n<p>La emisi\u00f3n de letras tiene un tope autorizado por la legislatura provincial, y lo que se ven\u00eda haciendo era la renovaci\u00f3n en la fecha de vencimiento todos los meses. Ballay dijo que \u201cen el mes de marzo pudimos cancelarlas sin nueva emisi\u00f3n de letras\u201d.<\/p>\n<p>&nbsp;<\/p>\n<p>Agreg\u00f3 que &#8220;de acuerdo a las directivas del gobernador Bordet, estamos trabajando en la reducci\u00f3n de los gastos, pero sin afectar al empleo p\u00fablico ni los programas sociales&#8221;.<\/p>\n<p>&nbsp;<\/p>\n<p>En ese marco, ratific\u00f3 que \u201cno s\u00f3lo afectamos lo presupuestado con recursos provinciales para los planes sociales, de salud, seguridad y obra p\u00fablica, sino que adem\u00e1s estamos haciendo frente a programas que ya no financia el gobierno nacional\u201d.<\/p>\n","protected":false},"excerpt":{"rendered":"<p>As\u00ed lo hizo saber el ministro de Econom\u00eda, Hugo Ballay. Destac\u00f3 la administraci\u00f3n provincial de las cuentas que supone el desarrollo de pol\u00edticas en distintas \u00e1reas pero tambi\u00e9n \u201chacer frente a programas que ya no financia el gobierno nacional\u201d &nbsp; &nbsp; &nbsp; &nbsp; &#8220;La Provincia de Entre R\u00edos cancel\u00f3 pasivos por m\u00e1s de 557 millones de pesos que corresponden al Programa de Letras del a\u00f1o 2016&#8243;, inform\u00f3 el ministro de Econom\u00eda, Hugo Ballay. &nbsp; \u201cVamos cumpliendo con los objetivos de ordenamiento financiero propuestos por nuestra gesti\u00f3n, eliminando pasivos que tienen&#8230;<\/p>\n","protected":false},"author":3,"featured_media":9393,"comment_status":"closed","ping_status":"closed","sticky":false,"template":"","format":"standard","meta":[],"categories":[9,15],"tags":[],"_links":{"self":[{"href":"https:\/\/www.actualidadadiario.com\/index.php\/wp-json\/wp\/v2\/posts\/9392"}],"collection":[{"href":"https:\/\/www.actualidadadiario.com\/index.php\/wp-json\/wp\/v2\/posts"}],"about":[{"href":"https:\/\/www.actualidadadiario.com\/index.php\/wp-json\/wp\/v2\/types\/post"}],"author":[{"embeddable":true,"href":"https:\/\/www.actualidadadiario.com\/index.php\/wp-json\/wp\/v2\/users\/3"}],"replies":[{"embeddable":true,"href":"https:\/\/www.actualidadadiario.com\/index.php\/wp-json\/wp\/v2\/comments?post=9392"}],"version-history":[{"count":1,"href":"https:\/\/www.actualidadadiario.com\/index.php\/wp-json\/wp\/v2\/posts\/9392\/revisions"}],"predecessor-version":[{"id":9394,"href":"https:\/\/www.actualidadadiario.com\/index.php\/wp-json\/wp\/v2\/posts\/9392\/revisions\/9394"}],"wp:featuredmedia":[{"embeddable":true,"href":"https:\/\/www.actualidadadiario.com\/index.php\/wp-json\/wp\/v2\/media\/9393"}],"wp:attachment":[{"href":"https:\/\/www.actualidadadiario.com\/index.php\/wp-json\/wp\/v2\/media?parent=9392"}],"wp:term":[{"taxonomy":"category","embeddable":true,"href":"https:\/\/www.actualidadadiario.com\/index.php\/wp-json\/wp\/v2\/categories?post=9392"},{"taxonomy":"post_tag","embeddable":true,"href":"https:\/\/www.actualidadadiario.com\/index.php\/wp-json\/wp\/v2\/tags?post=9392"}],"curies":[{"name":"wp","href":"https:\/\/api.w.org\/{rel}","templated":true}]}}