{"id":9389,"date":"2017-03-31T09:59:52","date_gmt":"2017-03-31T12:59:52","guid":{"rendered":"http:\/\/actualidadadiario.com\/site\/?p=9389"},"modified":"2017-03-31T09:59:52","modified_gmt":"2017-03-31T12:59:52","slug":"mujica-llama-a-los-jovenes-colombianos-a-apropiarse-de-la-paz","status":"publish","type":"post","link":"https:\/\/www.actualidadadiario.com\/index.php\/2017\/03\/31\/mujica-llama-a-los-jovenes-colombianos-a-apropiarse-de-la-paz\/","title":{"rendered":"Mujica llama a los j\u00f3venes colombianos a \u201capropiarse de la paz\u201d"},"content":{"rendered":"<p><em><strong>El ex dirigente uruguayo instal\u00f3, junto a expresidente espa\u00f1ol Felipe Gonz\u00e1lez, la comisi\u00f3n que verificar\u00e1 el proceso de paz con las FARC<\/strong><\/em><\/p>\n<p>&nbsp;<\/p>\n<p>&nbsp;<\/p>\n<p>&nbsp;<\/p>\n<p>&nbsp;<\/p>\n<p>Los ex presidentes Felipe Gonz\u00e1lez (Espa\u00f1a) y Jos\u00e9 Mujica (Uruguay) instalaron este jueves en la ciudad de Cali (occidente), la comisi\u00f3n que se encargar\u00e1 de verificar el cumplimiento del acuerdo de paz firmado el a\u00f1o pasado por el Gobierno y las FARC. En una charla, m\u00e1s anecd\u00f3tica que formal, Gonz\u00e1lez y Mujica, que fueron elegidos en pasado 23 de marzo como \u201cnotables del componente internacional de verificaci\u00f3n\u201d de los textos de La Habana, hablaron de la importancia de conseguir la paz en Colombia.<\/p>\n<p>&nbsp;<\/p>\n<p>Mujica exhort\u00f3 a los colombianos a que hagan parte activa de este proceso con el que se espera cerrar m\u00e1s de cinco d\u00e9cadas de conflicto. \u201cMuchachos, j\u00f3venes apr\u00f3piense de esta paz. Esto no es solo un armisticio de una guerrilla que se jubila y un gobierno que se va\u201d. El expresidente uruguayo fue enf\u00e1tico en decir que la posibilidad que tiene Colombia es la m\u00e1s grande para el pa\u00eds sudamericano. \u201cHay oportunidades que cuando se presentan, el peor error es no comprometerse y darle la espalda o verlo con un esp\u00edritu esc\u00e9ptico o no se puede o es de otro\u201d.<\/p>\n<p>&nbsp;<\/p>\n<p>Gonz\u00e1lez, sentado muy cerca de Mujica, reconoci\u00f3, a manera de confesi\u00f3n, que sobre el proceso de paz en Colombia no tiene una posici\u00f3n \u201cneutral\u201d. \u201cEntre la aceptaci\u00f3n del acuerdo o la continuidad del conflicto no tengo absolutamente ninguna neutralidad: estoy por el acuerdo\u201d, dijo, tras recordar que por m\u00e1s de 30 a\u00f1os ha tenido un inter\u00e9s profundo en contribuir a la paz de Colombia. Tambi\u00e9n se refiri\u00f3 a la juventud colombiana como clave para que la transici\u00f3n de una regi\u00f3n que vivi\u00f3 tantos a\u00f1os sumida en la violencia. \u201cLa historia del conflicto pase a ser eso, historia, para que el futuro est\u00e9 en manos de Colombia y de las nuevas generaciones de colombianos\u201d.<\/p>\n<p>&nbsp;<\/p>\n<p>&nbsp;<\/p>\n<p>El expresidente espa\u00f1ol tambi\u00e9n subray\u00f3 sobre la importancia de mejorar la confianza entre las partes que firmaron el acuerdo. \u201cHay que fortalecer la confianza rec\u00edproca de los interlocutores, no hay que desfallecer en eso, porque si existe una situaci\u00f3n compleja en la sociedad con muchas cr\u00edticas y mucha dificultad en comprender los acuerdos, si esa confianza interna con los fallos que son previsibles y que hay que ir corrigiendo, se resquebraja la gran batalla que habr\u00eda que ganar es triple\u201d.<\/p>\n<p>&nbsp;<\/p>\n<p>Gonz\u00e1lez y Mujica tendr\u00e1n como misi\u00f3n realizar pronunciamientos e informes p\u00fablicos, en relaci\u00f3n con los avances que se registren en la implementaci\u00f3n del acuerdo de paz entre el gobierno y las FARC. Para su trabajo, tendr\u00e1n el apoyo de una secretar\u00eda t\u00e9cnica que estar\u00e1 a cargo del Centro de Recursos para el An\u00e1lisis de Conflictos (CERAC) y del Centro de Investigaci\u00f3n Nacional de Educaci\u00f3n Popular (CINEP), dos reconocidos centros de investigaci\u00f3n en Colombia.<\/p>\n","protected":false},"excerpt":{"rendered":"<p>El ex dirigente uruguayo instal\u00f3, junto a expresidente espa\u00f1ol Felipe Gonz\u00e1lez, la comisi\u00f3n que verificar\u00e1 el proceso de paz con las FARC &nbsp; &nbsp; &nbsp; &nbsp; Los ex presidentes Felipe Gonz\u00e1lez (Espa\u00f1a) y Jos\u00e9 Mujica (Uruguay) instalaron este jueves en la ciudad de Cali (occidente), la comisi\u00f3n que se encargar\u00e1 de verificar el cumplimiento del acuerdo de paz firmado el a\u00f1o pasado por el Gobierno y las FARC. En una charla, m\u00e1s anecd\u00f3tica que formal, Gonz\u00e1lez y Mujica, que fueron elegidos en pasado 23 de marzo como \u201cnotables del componente&#8230;<\/p>\n","protected":false},"author":3,"featured_media":9390,"comment_status":"closed","ping_status":"closed","sticky":false,"template":"","format":"standard","meta":[],"categories":[4],"tags":[],"_links":{"self":[{"href":"https:\/\/www.actualidadadiario.com\/index.php\/wp-json\/wp\/v2\/posts\/9389"}],"collection":[{"href":"https:\/\/www.actualidadadiario.com\/index.php\/wp-json\/wp\/v2\/posts"}],"about":[{"href":"https:\/\/www.actualidadadiario.com\/index.php\/wp-json\/wp\/v2\/types\/post"}],"author":[{"embeddable":true,"href":"https:\/\/www.actualidadadiario.com\/index.php\/wp-json\/wp\/v2\/users\/3"}],"replies":[{"embeddable":true,"href":"https:\/\/www.actualidadadiario.com\/index.php\/wp-json\/wp\/v2\/comments?post=9389"}],"version-history":[{"count":1,"href":"https:\/\/www.actualidadadiario.com\/index.php\/wp-json\/wp\/v2\/posts\/9389\/revisions"}],"predecessor-version":[{"id":9391,"href":"https:\/\/www.actualidadadiario.com\/index.php\/wp-json\/wp\/v2\/posts\/9389\/revisions\/9391"}],"wp:featuredmedia":[{"embeddable":true,"href":"https:\/\/www.actualidadadiario.com\/index.php\/wp-json\/wp\/v2\/media\/9390"}],"wp:attachment":[{"href":"https:\/\/www.actualidadadiario.com\/index.php\/wp-json\/wp\/v2\/media?parent=9389"}],"wp:term":[{"taxonomy":"category","embeddable":true,"href":"https:\/\/www.actualidadadiario.com\/index.php\/wp-json\/wp\/v2\/categories?post=9389"},{"taxonomy":"post_tag","embeddable":true,"href":"https:\/\/www.actualidadadiario.com\/index.php\/wp-json\/wp\/v2\/tags?post=9389"}],"curies":[{"name":"wp","href":"https:\/\/api.w.org\/{rel}","templated":true}]}}