{"id":9377,"date":"2017-03-31T09:52:35","date_gmt":"2017-03-31T12:52:35","guid":{"rendered":"http:\/\/actualidadadiario.com\/site\/?p=9377"},"modified":"2017-03-31T09:52:35","modified_gmt":"2017-03-31T12:52:35","slug":"el-vaticano-desmintio-que-se-prepare-viaje-de-francisco-a-argentina-para-2018","status":"publish","type":"post","link":"https:\/\/www.actualidadadiario.com\/index.php\/2017\/03\/31\/el-vaticano-desmintio-que-se-prepare-viaje-de-francisco-a-argentina-para-2018\/","title":{"rendered":"El Vaticano desminti\u00f3 que se prepare viaje de Francisco a Argentina para 2018"},"content":{"rendered":"<p><em><strong>El Vaticano desminti\u00f3 &#8220;rotundamente&#8221; que ya est\u00e9 en preparaci\u00f3n un viaje del papa Francisco a Argentina para el a\u00f1o pr\u00f3ximo as\u00ed como una supuesta &#8220;preocupaci\u00f3n&#8221; de la Santa Sede por la seguridad del Pont\u00edfice en su pa\u00eds natal<\/strong><\/em><\/p>\n<p>&nbsp;<\/p>\n<p>&nbsp;<\/p>\n<p>&nbsp;<\/p>\n<p>&nbsp;<\/p>\n<p>&nbsp;<\/p>\n<p>&#8220;Desmiento rotundamente. Tanto el supuesto viaje como los comentarios referentes a la seguridad, que no tienen fundamento alguno&#8221;, asegur\u00f3 este jueves el director de la Sala de Prensa del Vaticano y portavoz papal Greg Burke consultado por T\u00e9lam.<\/p>\n<p>&nbsp;<\/p>\n<p>Burke respondi\u00f3 as\u00ed a las versiones period\u00edsticas sobre un viaje de Jorge Bergoglio a la Argentina para inicios del a\u00f1o pr\u00f3ximo y a la supuesta existencia de un dossier vaticano sobre la peligrosidad de una posible visita del Pont\u00edfice a su tierra natal.<\/p>\n<p>&nbsp;<\/p>\n<p>Francisco a\u00fan no termin\u00f3 de confirmar su agenda de viajes para este a\u00f1o, durante el que est\u00e1 confirmado que visitar\u00e1 Egipto entre el 28 y el 29 de abril; F\u00e1tima, en Portugal, entre el 12 y 13 de mayo; y Colombia entre el 6 y el 11 de septiembre.<\/p>\n<p>&nbsp;<\/p>\n<p>El propio Pont\u00edfice adelant\u00f3 su voluntad de visitar tambi\u00e9n India y Bangladesh durante 2017 as\u00ed como un posible viaje a Sud\u00e1n del Sur con el arzobispo de Canterbury y l\u00edder anglicano Justin Welby, pero ninguno de los otros dos viajes previstos para este a\u00f1o tiene a\u00fan fecha confirmada.<\/p>\n","protected":false},"excerpt":{"rendered":"<p>El Vaticano desminti\u00f3 &#8220;rotundamente&#8221; que ya est\u00e9 en preparaci\u00f3n un viaje del papa Francisco a Argentina para el a\u00f1o pr\u00f3ximo as\u00ed como una supuesta &#8220;preocupaci\u00f3n&#8221; de la Santa Sede por la seguridad del Pont\u00edfice en su pa\u00eds natal &nbsp; &nbsp; &nbsp; &nbsp; &nbsp; &#8220;Desmiento rotundamente. Tanto el supuesto viaje como los comentarios referentes a la seguridad, que no tienen fundamento alguno&#8221;, asegur\u00f3 este jueves el director de la Sala de Prensa del Vaticano y portavoz papal Greg Burke consultado por T\u00e9lam. &nbsp; Burke respondi\u00f3 as\u00ed a las versiones period\u00edsticas sobre&#8230;<\/p>\n","protected":false},"author":3,"featured_media":9378,"comment_status":"closed","ping_status":"closed","sticky":false,"template":"","format":"standard","meta":[],"categories":[4],"tags":[],"_links":{"self":[{"href":"https:\/\/www.actualidadadiario.com\/index.php\/wp-json\/wp\/v2\/posts\/9377"}],"collection":[{"href":"https:\/\/www.actualidadadiario.com\/index.php\/wp-json\/wp\/v2\/posts"}],"about":[{"href":"https:\/\/www.actualidadadiario.com\/index.php\/wp-json\/wp\/v2\/types\/post"}],"author":[{"embeddable":true,"href":"https:\/\/www.actualidadadiario.com\/index.php\/wp-json\/wp\/v2\/users\/3"}],"replies":[{"embeddable":true,"href":"https:\/\/www.actualidadadiario.com\/index.php\/wp-json\/wp\/v2\/comments?post=9377"}],"version-history":[{"count":1,"href":"https:\/\/www.actualidadadiario.com\/index.php\/wp-json\/wp\/v2\/posts\/9377\/revisions"}],"predecessor-version":[{"id":9379,"href":"https:\/\/www.actualidadadiario.com\/index.php\/wp-json\/wp\/v2\/posts\/9377\/revisions\/9379"}],"wp:featuredmedia":[{"embeddable":true,"href":"https:\/\/www.actualidadadiario.com\/index.php\/wp-json\/wp\/v2\/media\/9378"}],"wp:attachment":[{"href":"https:\/\/www.actualidadadiario.com\/index.php\/wp-json\/wp\/v2\/media?parent=9377"}],"wp:term":[{"taxonomy":"category","embeddable":true,"href":"https:\/\/www.actualidadadiario.com\/index.php\/wp-json\/wp\/v2\/categories?post=9377"},{"taxonomy":"post_tag","embeddable":true,"href":"https:\/\/www.actualidadadiario.com\/index.php\/wp-json\/wp\/v2\/tags?post=9377"}],"curies":[{"name":"wp","href":"https:\/\/api.w.org\/{rel}","templated":true}]}}