{"id":9374,"date":"2017-03-31T09:51:45","date_gmt":"2017-03-31T12:51:45","guid":{"rendered":"http:\/\/actualidadadiario.com\/site\/?p=9374"},"modified":"2017-03-31T09:51:45","modified_gmt":"2017-03-31T12:51:45","slug":"brasil-condenaron-a-15-anos-de-carcel-a-cunha-arquitecto-del-impeachment-contra-dilma","status":"publish","type":"post","link":"https:\/\/www.actualidadadiario.com\/index.php\/2017\/03\/31\/brasil-condenaron-a-15-anos-de-carcel-a-cunha-arquitecto-del-impeachment-contra-dilma\/","title":{"rendered":"Brasil: condenaron a 15 a\u00f1os de c\u00e1rcel a Cunha, arquitecto del &#8220;impeachment&#8221; contra Dilma"},"content":{"rendered":"<p><em><strong>El ex diputado Eduardo Cunha, que fue uno de los hombres m\u00e1s poderosos de Brasil, fue condenado el jueves a 15 a\u00f1os y 4 meses de c\u00e1rcel por corrupci\u00f3n, en el marco de la Operaci\u00f3n Lava Jato, que hace temblar a la \u00e9lite pol\u00edtica y empresarial del pa\u00eds<\/strong><\/em><\/p>\n<p>&nbsp;<\/p>\n<p>&nbsp;<\/p>\n<p>&nbsp;<\/p>\n<p>&nbsp;<\/p>\n<p>&nbsp;<\/p>\n<p>El dirigente, del partido de centroderecha PMDB, fue el gran arquitecto de la llegada al poder del actual presidente, Michel Temer, de su mismo partido, tras el impeachment en 2016 de la mandataria de izquierda Dilma Rousseff, quien acus\u00f3 a ambos de liderar un &#8220;golpe institucional&#8221;.<\/p>\n<p>&nbsp;<\/p>\n<p>La sentencia fue dictada por el juez Sergio Moro, en momentos en que se multiplican las articulaciones entre legisladores para amnistiar cr\u00edmenes que podr\u00edan llevar a decenas de ellos a prisi\u00f3n.<\/p>\n<p>&nbsp;<\/p>\n<p>&#8220;Entre los cr\u00edmenes de corrupci\u00f3n, de lavado de dinero y de evasi\u00f3n fraudulenta de divisas, hay pruebas materiales&#8221;, se\u00f1ala la sentencia.<\/p>\n<p>&nbsp;<\/p>\n<p>Una de las condenas por corrupci\u00f3n pasiva se debe al recibimiento &#8220;indebido&#8221; de 1,3 millones de francos suizos (unos 1,5 millones de d\u00f3lares) por haber mediado en la adquisici\u00f3n por parte de Petrobras de los derechos de exploraci\u00f3n en un campo petrol\u00edfero de Ben\u00edn, en \u00c1frica occidental.<\/p>\n<p>&nbsp;<\/p>\n<p>Cunha, de 58 a\u00f1os, estaba en prisi\u00f3n preventiva desde octubre de 2016. Sus abogados anunciaron que apelar\u00e1 el fallo, pero aun as\u00ed deber\u00e1 permanecer recluido, seg\u00fan determin\u00f3 Moro, un magistrado convertido en \u00edcono de la lucha contra la corrupci\u00f3n.<\/p>\n<p>&nbsp;<\/p>\n<p>Cunha enfrenta otros juicios y se conjetura que podr\u00eda negociar una reducci\u00f3n de sentencias, entregando a quienes fueron sus c\u00f3mplices a lo largo de una carrera pol\u00edtica marcada por las intrigas.<\/p>\n<p>&nbsp;<\/p>\n<p>&#8220;Ojal\u00e1 cuente todo lo que sabe, para que todos quienes cometieron actos il\u00edcitos asuman sus responsabilidades y podamos limpiar el parlamento e iniciar una nueva era&#8221;, dijo el diputado Alessandro Molon, del partido Rede (centro-izquierda).<\/p>\n<p>&nbsp;<\/p>\n<p>Moro afirma adem\u00e1s que Cunha trat\u00f3 de &#8220;coaccionar&#8221; a Temer desde la c\u00e1rcel, envi\u00e1ndole preguntas &#8220;sin relaci\u00f3n con la causa&#8221; pero que &#8220;probablemente buscaban provocar una intervenci\u00f3n indebida&#8221; del mandatario en su favor.<\/p>\n<p>&nbsp;<\/p>\n<p>&#8220;No podemos permitir que un proceso judicial se utilice para que una parte transmita amenazas, recados o chantajes a autoridades o testigos externos&#8221; al caso, subraya.<\/p>\n<p>&nbsp;<\/p>\n<p>La sentencia se anunci\u00f3 en un clima pol\u00edtico enrarecido por el avance de dos investigaciones con potencial devastador.<\/p>\n<p>&nbsp;<\/p>\n<p>El Tribunal Supremo Electoral (TSE) debe juzgar la semana pr\u00f3xima un recurso contra la f\u00f3rmula Rousseff-Temer en los comicios de 2014, por presunto beneficio de dinero ilegal del fraude a la estatal Petrobras.<\/p>\n<p>&nbsp;<\/p>\n<p>La invalidaci\u00f3n de la elecci\u00f3n podr\u00e1 dif\u00edcilmente sacar a Temer del poder antes del fin del mandato en diciembre de 2018, porque caben recursos; pero podr\u00eda debilitar al ya impopular mandatario, que busca la aprobaci\u00f3n de pol\u00e9micas medidas de austeridad para sanear las cuentas del pa\u00eds, sumido en la peor recesi\u00f3n de su historia.<\/p>\n<p>&nbsp;<\/p>\n<p>Al mismo tiempo, los brasile\u00f1os aguardan el levantamiento del secreto de sumario de 83 expedientes que contienen denuncias contra un centenar de pol\u00edticos mencionados por 77 exejecutivos de Odebrecht.<\/p>\n<p>&nbsp;<\/p>\n<p>Esa empresa es una de las principales involucradas en el esquema revelado en 2014 por la Operaci\u00f3n Lava Jato, sobre los sobornos pagados a partidos y pol\u00edticos para obtener contratos en la estatal Petrobras.<\/p>\n<p>&nbsp;<\/p>\n<p>Seg\u00fan filtraciones de prensa, los pedidos de acusaci\u00f3n enviados por el fiscal general Rodrigo Janot incluyen a nueve ministros de Temer y a los presidentes de la C\u00e1mara de Diputados y del Senado, as\u00ed como a pol\u00edticos de pr\u00e1cticamente todos los partidos.<\/p>\n<p>&nbsp;<\/p>\n<p>Esos expedientes son tratados por el Supremo Tribunal Federal (STF), a cargo de personalidades con fuero privilegiado.<\/p>\n<p>&nbsp;<\/p>\n<p>Janot ya hab\u00eda pedido en marzo de 2015 investigar a decenas de pol\u00edticos, de los cuales hasta ahora solo cinco fueron formalmente inculpados, entre ellos Cunha. Pero el ex todopoderoso pol\u00edtico fue finalmente condenado por la justicia ordinaria, por haber sido despojado de su mandato el a\u00f1o pasado.<\/p>\n<p>&nbsp;<\/p>\n<p>La espera de &#8220;la segunda lista de Janot&#8221; paraliza buena parte de la actividad pol\u00edtica, volcada a negociaciones de bastidores para amnistiar las donaciones de campa\u00f1a no declaradas (la &#8220;Caja 2&#8221;).<\/p>\n<p>&nbsp;<\/p>\n<p>Desde el inicio de la Operaci\u00f3n Lava Jato, la justicia dict\u00f3 m\u00e1s de 120 condenas, algunas particularmente duras, como contra Marcelo Odebrecht, expresidente del grupo, que purga una pena de 19 a\u00f1os y 4 meses de c\u00e1rcel; o contra Jos\u00e9 Dirceu, ex jefe de gobierno del presidente de izquierda Lula da Silva (2003-2010), condenado a 20 a\u00f1os y 10 meses.<\/p>\n<p>&nbsp;<\/p>\n<p>El propio Lula es objeto de cinco denuncias judiciales, que el ic\u00f3nico l\u00edder de la izquierda latinoamericana atribuye a una conspiraci\u00f3n para impedir que se presente a las elecciones de 2018.<\/p>\n","protected":false},"excerpt":{"rendered":"<p>El ex diputado Eduardo Cunha, que fue uno de los hombres m\u00e1s poderosos de Brasil, fue condenado el jueves a 15 a\u00f1os y 4 meses de c\u00e1rcel por corrupci\u00f3n, en el marco de la Operaci\u00f3n Lava Jato, que hace temblar a la \u00e9lite pol\u00edtica y empresarial del pa\u00eds &nbsp; &nbsp; &nbsp; &nbsp; &nbsp; El dirigente, del partido de centroderecha PMDB, fue el gran arquitecto de la llegada al poder del actual presidente, Michel Temer, de su mismo partido, tras el impeachment en 2016 de la mandataria de izquierda Dilma Rousseff,&#8230;<\/p>\n","protected":false},"author":3,"featured_media":9375,"comment_status":"closed","ping_status":"closed","sticky":false,"template":"","format":"standard","meta":[],"categories":[4],"tags":[],"_links":{"self":[{"href":"https:\/\/www.actualidadadiario.com\/index.php\/wp-json\/wp\/v2\/posts\/9374"}],"collection":[{"href":"https:\/\/www.actualidadadiario.com\/index.php\/wp-json\/wp\/v2\/posts"}],"about":[{"href":"https:\/\/www.actualidadadiario.com\/index.php\/wp-json\/wp\/v2\/types\/post"}],"author":[{"embeddable":true,"href":"https:\/\/www.actualidadadiario.com\/index.php\/wp-json\/wp\/v2\/users\/3"}],"replies":[{"embeddable":true,"href":"https:\/\/www.actualidadadiario.com\/index.php\/wp-json\/wp\/v2\/comments?post=9374"}],"version-history":[{"count":1,"href":"https:\/\/www.actualidadadiario.com\/index.php\/wp-json\/wp\/v2\/posts\/9374\/revisions"}],"predecessor-version":[{"id":9376,"href":"https:\/\/www.actualidadadiario.com\/index.php\/wp-json\/wp\/v2\/posts\/9374\/revisions\/9376"}],"wp:featuredmedia":[{"embeddable":true,"href":"https:\/\/www.actualidadadiario.com\/index.php\/wp-json\/wp\/v2\/media\/9375"}],"wp:attachment":[{"href":"https:\/\/www.actualidadadiario.com\/index.php\/wp-json\/wp\/v2\/media?parent=9374"}],"wp:term":[{"taxonomy":"category","embeddable":true,"href":"https:\/\/www.actualidadadiario.com\/index.php\/wp-json\/wp\/v2\/categories?post=9374"},{"taxonomy":"post_tag","embeddable":true,"href":"https:\/\/www.actualidadadiario.com\/index.php\/wp-json\/wp\/v2\/tags?post=9374"}],"curies":[{"name":"wp","href":"https:\/\/api.w.org\/{rel}","templated":true}]}}