{"id":9371,"date":"2017-03-31T09:50:18","date_gmt":"2017-03-31T12:50:18","guid":{"rendered":"http:\/\/actualidadadiario.com\/site\/?p=9371"},"modified":"2017-03-31T09:50:18","modified_gmt":"2017-03-31T12:50:18","slug":"furia-de-macri-con-la-ucr-por-traicion-en-santa-fe","status":"publish","type":"post","link":"https:\/\/www.actualidadadiario.com\/index.php\/2017\/03\/31\/furia-de-macri-con-la-ucr-por-traicion-en-santa-fe\/","title":{"rendered":"Furia de Macri con la UCR por \u201ctraici\u00f3n\u201d en Santa Fe"},"content":{"rendered":"<p><em><strong>Jos\u00e9 Corral, jefe del radicalismo, aval\u00f3 libertad de acci\u00f3n para armar listas con el Socialismo por afuera de Cambiemos<\/strong><\/em><\/p>\n<p>&nbsp;<\/p>\n<p>&nbsp;<\/p>\n<p>&nbsp;<\/p>\n<p>La furia de Mauricio Macri contra Jos\u00e9 Corral, presidente del Comit\u00e9 Nacional de la UCR, estremeci\u00f3 los pasillos de la Casa Rosada el mi\u00e9rcoles por la noche. En la Casa de Gobierno se resquebraj\u00f3 el v\u00ednculo pol\u00edtico con el radicalismo a partir de la libertad de acci\u00f3n otorgada por ese partido en la provincia de Santa Fe para que cada distrito pueda cerrar frentes electorales con el gobernante Partido Socialista, dejando as\u00ed de lado un armado pol\u00edtico compacto de la UCR dentro de Cambiemos de cara a las legislativas de octubre.<\/p>\n<p>&nbsp;<\/p>\n<p>No s\u00f3lo el Presidente manifest\u00f3 su decepci\u00f3n y bronca contra Corral, en su condici\u00f3n de jefe de la UCR a nivel nacional. Tambi\u00e9n Rogelio Frigerio, ministro del Interior y Obras P\u00fablicas, le reproch\u00f3 a Corral, intendente de la ciudad de Santa Fe, la falta de coherencia de su partido y la incapacidad para torcer la decisi\u00f3n de la Convenci\u00f3n santafesina de la UCR que otorg\u00f3 libertad de acci\u00f3n en esa provincia. El Poder Ejecutivo no s\u00f3lo colabora con Corral a trav\u00e9s de jugosas transferencias de partidas para obra p\u00fablica en la capital santafesina sino que adem\u00e1s abri\u00f3 espacios clave de participaci\u00f3n para el radicalismo en el gabinete nacional donde el centenario partido encabeza cuatro Ministerios: Agricultura, Ganader\u00eda y Pesca (Ricardo Buryaile), Defensa (Julio Mart\u00ednez), Oscar Aguad (Comunicaciones) y Jos\u00e9 Cano (Plan Belgrano). El esquema se replic\u00f3 en provincia de Buenos Aires donde Daniel Salvador oficia de vicegobernador.<\/p>\n<p>&nbsp;<\/p>\n<p>Macri no lograba digerir c\u00f3mo los radicales braman contra el Gobierno nacional cada vez que, el Presidente o Mar\u00eda Eugenia Vidal tienen un gesto de acercamiento con el peronismo. Tanto que hasta Marcos Pe\u00f1a se encarg\u00f3 de aclarar que la UCR es el principal socio pol\u00edtico del oficialismo en Cambiemos, junto con la Coalici\u00f3n C\u00edvica de Elisa Carri\u00f3. &#8220;Cada vez que (Emilio) Monz\u00f3 o alg\u00fan dirigente propone ampliarnos hacia el peronismo, los radicales ponen el grito en el cielo. Y ahora que tienen la oportunidad de tener el apoyo del Gobierno nacional en la elecci\u00f3n de Santa Fe dan libertad de acci\u00f3n para jugar con el socialismo. No los entiendo&#8221;, fue parte de la catarsis presidencial.<\/p>\n<p>&nbsp;<\/p>\n<p>La decepci\u00f3n de Macri con Corral es doble. No s\u00f3lo por la falta de apoyo de la UCR de Santa Fe de cara a las legislativas sino tambi\u00e9n porque el Presidente, en un asado celebrado con los diputados y senadores de Cambiemos en Olivos, hab\u00eda bendecido a este intendente de Santa Fe capital como primer anotado en la lista de diputados nacionales por esa provincia y precandidato a gobernador en 2019. Tanto que el PRO lleg\u00f3 a desactivar las negociaciones con el peronismo de Omar Perotti para privilegiar la alianza con los radicales.<\/p>\n<p>&nbsp;<\/p>\n<p>Santa Fe es un distrito clave para el Gobierno nacional. Representa el 10 % del padr\u00f3n electoral y en octubre elige 10 diputados nacionales y all\u00ed el PRO, a trav\u00e9s de Miguel del Sel, estuvo a punto de arrebatarle el poder al Frente Progresista de Miguel Lifschitz, quien gan\u00f3 la gobernaci\u00f3n por un escaso margen de votos. Esos comicios de 2015 jubil\u00f3 a Del Sel de la pol\u00edtica, lo recluy\u00f3 en una embajada en Panam\u00e1 y, en las pr\u00f3ximas semanas, lo devolver\u00e1 al tr\u00edo c\u00f3mico Midachi.<\/p>\n<p>&nbsp;<\/p>\n<p>El oficialismo vuelve ahora a apostar por Luciano Laspina, el presidente de la Comisi\u00f3n de Presupuesto y Hacienda de Diputados que es impulsado por Carri\u00f3 para ser candidato a gobernador en 2019.<\/p>\n<p>&nbsp;<\/p>\n<p>En lo territorial, la decisi\u00f3n de la Convenci\u00f3n UCR de Santa Fe implica una derrota de Corral ante el presidente de la UCR santafesina, Juli\u00e1n Galdeano, alineado con el socialismo.<\/p>\n<p>&nbsp;<\/p>\n<p>Por una decisi\u00f3n del gobernador Lifschitz, en Santa Fe las elecciones locales -12 intendentes, concejales y presidentes comunales- se realizar\u00e1n en forma conjunta con las nacionales de diputados, aunque con dos sistemas electorales distintos. Galdeano, para suavizar la ira de la Casa Rosada, asegur\u00f3 que hab\u00eda quienes en el partido planteaban &#8220;posturas de m\u00e1xima&#8221; que implicaban una ruptura con el socialismo o con el PRO, y que se logr\u00f3 una &#8220;s\u00edntesis&#8221;. No es lo que opina Macri.<\/p>\n<p>&nbsp;<\/p>\n<p>De acuerdo con el documento aprobado por la Honorable Convenci\u00f3n Nacional de Santa Fe, la UCR opt\u00f3 por &#8220;declarar su apoyo y acompa\u00f1amiento a la gesti\u00f3n de Gobierno del Frente Progresista C\u00edvico y Social, ratificando la integraci\u00f3n del mismo como herramienta transformadora que, a la vez que mejora la calidad de vida de los santafesinos, permita a la Uni\u00f3n C\u00edvica Radical consolidar y ampliar su base de desarrollo territorial en municipios y comunas de la provincia&#8221;.<\/p>\n<p>&nbsp;<\/p>\n<p>Desde Santa Fe, Federico Angellini, coordinador del Ministerio del Interior manifest\u00f3 &#8220;decepci\u00f3n y sorpresa con los radicales. Pens\u00e1bamos que la UCR iba a tener mayor compromiso con el cambio impulsado por el Presidente&#8221;.<\/p>\n","protected":false},"excerpt":{"rendered":"<p>Jos\u00e9 Corral, jefe del radicalismo, aval\u00f3 libertad de acci\u00f3n para armar listas con el Socialismo por afuera de Cambiemos &nbsp; &nbsp; &nbsp; La furia de Mauricio Macri contra Jos\u00e9 Corral, presidente del Comit\u00e9 Nacional de la UCR, estremeci\u00f3 los pasillos de la Casa Rosada el mi\u00e9rcoles por la noche. En la Casa de Gobierno se resquebraj\u00f3 el v\u00ednculo pol\u00edtico con el radicalismo a partir de la libertad de acci\u00f3n otorgada por ese partido en la provincia de Santa Fe para que cada distrito pueda cerrar frentes electorales con el gobernante&#8230;<\/p>\n","protected":false},"author":3,"featured_media":9372,"comment_status":"closed","ping_status":"closed","sticky":false,"template":"","format":"standard","meta":[],"categories":[18],"tags":[],"_links":{"self":[{"href":"https:\/\/www.actualidadadiario.com\/index.php\/wp-json\/wp\/v2\/posts\/9371"}],"collection":[{"href":"https:\/\/www.actualidadadiario.com\/index.php\/wp-json\/wp\/v2\/posts"}],"about":[{"href":"https:\/\/www.actualidadadiario.com\/index.php\/wp-json\/wp\/v2\/types\/post"}],"author":[{"embeddable":true,"href":"https:\/\/www.actualidadadiario.com\/index.php\/wp-json\/wp\/v2\/users\/3"}],"replies":[{"embeddable":true,"href":"https:\/\/www.actualidadadiario.com\/index.php\/wp-json\/wp\/v2\/comments?post=9371"}],"version-history":[{"count":1,"href":"https:\/\/www.actualidadadiario.com\/index.php\/wp-json\/wp\/v2\/posts\/9371\/revisions"}],"predecessor-version":[{"id":9373,"href":"https:\/\/www.actualidadadiario.com\/index.php\/wp-json\/wp\/v2\/posts\/9371\/revisions\/9373"}],"wp:featuredmedia":[{"embeddable":true,"href":"https:\/\/www.actualidadadiario.com\/index.php\/wp-json\/wp\/v2\/media\/9372"}],"wp:attachment":[{"href":"https:\/\/www.actualidadadiario.com\/index.php\/wp-json\/wp\/v2\/media?parent=9371"}],"wp:term":[{"taxonomy":"category","embeddable":true,"href":"https:\/\/www.actualidadadiario.com\/index.php\/wp-json\/wp\/v2\/categories?post=9371"},{"taxonomy":"post_tag","embeddable":true,"href":"https:\/\/www.actualidadadiario.com\/index.php\/wp-json\/wp\/v2\/tags?post=9371"}],"curies":[{"name":"wp","href":"https:\/\/api.w.org\/{rel}","templated":true}]}}