{"id":9368,"date":"2017-03-31T09:49:33","date_gmt":"2017-03-31T12:49:33","guid":{"rendered":"http:\/\/actualidadadiario.com\/site\/?p=9368"},"modified":"2017-03-31T09:49:33","modified_gmt":"2017-03-31T12:49:33","slug":"jorge-asis-critico-duramente-a-cambiemos-por-no-jugarsela-por-la-convocatoria-del-1-de-abril","status":"publish","type":"post","link":"https:\/\/www.actualidadadiario.com\/index.php\/2017\/03\/31\/jorge-asis-critico-duramente-a-cambiemos-por-no-jugarsela-por-la-convocatoria-del-1-de-abril\/","title":{"rendered":"Jorge As\u00eds critic\u00f3 duramente a &#8216;Cambiemos&#8217; por no jug\u00e1rsela por la convocatoria del 1 de abril"},"content":{"rendered":"<p><em><strong>El escritor habl\u00f3 con Alejandro Fantino sobre la convocatoria para el primer d\u00eda de abril en apoyo al Gobierno de Mauricio Macri y remarc\u00f3 que los funcionarios de Cambiemos no se la juegan porque tienen miedo &#8220;que les salga mal&#8221;<\/strong><\/em><\/p>\n<p>&nbsp;<\/p>\n<p>&nbsp;<\/p>\n<p>&nbsp;<\/p>\n<p>Jorge As\u00eds estuvo en &#8216;Animales Sueltos&#8217; y fue consultado por Alejandro Fantino sobre los rumores de parte del Gobierno de Cambiemos de separarse de la convocatoria del 1 de abril en apoyo a Mauricio Macri y su gesti\u00f3n.<\/p>\n<p>&nbsp;<\/p>\n<p>&#8220;Es muy obvio, si es chica es de ellos y si van 300 mil personas lo capitalizan&#8221;, lanz\u00f3 As\u00eds y arremeti\u00f3 m\u00e1s fuerte: &#8220;No se juegan, tienen miedo de que les salga mal&#8221;.<\/p>\n<p>&nbsp;<\/p>\n<p>Consultado sobre qu\u00e9 le dir\u00eda a quienes quieren apoyar la marcha, les aconsej\u00f3 que no se la jueguen &#8220;a la mitad&#8221; y si sale mal se la tienen que &#8220;bancar&#8221;, sentenci\u00f3 As\u00eds.<\/p>\n","protected":false},"excerpt":{"rendered":"<p>El escritor habl\u00f3 con Alejandro Fantino sobre la convocatoria para el primer d\u00eda de abril en apoyo al Gobierno de Mauricio Macri y remarc\u00f3 que los funcionarios de Cambiemos no se la juegan porque tienen miedo &#8220;que les salga mal&#8221; &nbsp; &nbsp; &nbsp; Jorge As\u00eds estuvo en &#8216;Animales Sueltos&#8217; y fue consultado por Alejandro Fantino sobre los rumores de parte del Gobierno de Cambiemos de separarse de la convocatoria del 1 de abril en apoyo a Mauricio Macri y su gesti\u00f3n. &nbsp; &#8220;Es muy obvio, si es chica es de&#8230;<\/p>\n","protected":false},"author":3,"featured_media":9369,"comment_status":"closed","ping_status":"closed","sticky":false,"template":"","format":"standard","meta":[],"categories":[18],"tags":[],"_links":{"self":[{"href":"https:\/\/www.actualidadadiario.com\/index.php\/wp-json\/wp\/v2\/posts\/9368"}],"collection":[{"href":"https:\/\/www.actualidadadiario.com\/index.php\/wp-json\/wp\/v2\/posts"}],"about":[{"href":"https:\/\/www.actualidadadiario.com\/index.php\/wp-json\/wp\/v2\/types\/post"}],"author":[{"embeddable":true,"href":"https:\/\/www.actualidadadiario.com\/index.php\/wp-json\/wp\/v2\/users\/3"}],"replies":[{"embeddable":true,"href":"https:\/\/www.actualidadadiario.com\/index.php\/wp-json\/wp\/v2\/comments?post=9368"}],"version-history":[{"count":1,"href":"https:\/\/www.actualidadadiario.com\/index.php\/wp-json\/wp\/v2\/posts\/9368\/revisions"}],"predecessor-version":[{"id":9370,"href":"https:\/\/www.actualidadadiario.com\/index.php\/wp-json\/wp\/v2\/posts\/9368\/revisions\/9370"}],"wp:featuredmedia":[{"embeddable":true,"href":"https:\/\/www.actualidadadiario.com\/index.php\/wp-json\/wp\/v2\/media\/9369"}],"wp:attachment":[{"href":"https:\/\/www.actualidadadiario.com\/index.php\/wp-json\/wp\/v2\/media?parent=9368"}],"wp:term":[{"taxonomy":"category","embeddable":true,"href":"https:\/\/www.actualidadadiario.com\/index.php\/wp-json\/wp\/v2\/categories?post=9368"},{"taxonomy":"post_tag","embeddable":true,"href":"https:\/\/www.actualidadadiario.com\/index.php\/wp-json\/wp\/v2\/tags?post=9368"}],"curies":[{"name":"wp","href":"https:\/\/api.w.org\/{rel}","templated":true}]}}