{"id":9362,"date":"2017-03-31T09:47:59","date_gmt":"2017-03-31T12:47:59","guid":{"rendered":"http:\/\/actualidadadiario.com\/site\/?p=9362"},"modified":"2017-03-31T09:47:59","modified_gmt":"2017-03-31T12:47:59","slug":"renuncio-la-abogada-del-gobierno-en-el-juicio-por-encubrimiento-del-atentado-a-la-amia","status":"publish","type":"post","link":"https:\/\/www.actualidadadiario.com\/index.php\/2017\/03\/31\/renuncio-la-abogada-del-gobierno-en-el-juicio-por-encubrimiento-del-atentado-a-la-amia\/","title":{"rendered":"Renunci\u00f3 la abogada del Gobierno en el juicio por encubrimiento del atentado a la AMIA"},"content":{"rendered":"<p><em><strong>La abogada designada por el Gobierno en el juicio por encubrimiento del atentado a la AMIA, Mariana Stilman, le comunic\u00f3 al Tribunal Oral que lleva adelante ese proceso su renuncia por diferencias &#8220;\u00e9ticas&#8221; con las &#8220;nuevas directivas impartidas por el ministro&#8221;. Asimismo, asegur\u00f3 que se le ordena &#8220;abandonar un rol activo&#8221; y que as\u00ed se generar\u00eda &#8220;la defensa de intereses opuestos a la verdad de los hechos&#8221;<\/strong><\/em><\/p>\n<p>&nbsp;<\/p>\n<p>&nbsp;<\/p>\n<p>&nbsp;<\/p>\n<p>&nbsp;<\/p>\n<p>Seg\u00fan public\u00f3 el diario P\u00e1gina 12, Stilman le envi\u00f3 una segunda carta al ministro Germ\u00e1n Garavano explic\u00e1ndole que su renuncia se debe a diferencias sobre la estrategia procesal. La abogada consider\u00f3 que el Estado tiene que tener un papel activo para buscar la verdad de las graves irregularidades cometidas por funcionarios del gobierno y judiciales hace 20 a\u00f1os en la causa AMIA.<\/p>\n<p>&nbsp;<\/p>\n<p>Sin embargo, por expresa orden de Garavano, al lado de Stilman, seg\u00fan la abogada, se design\u00f3 a un nuevo letrado que se opone a tener un papel activo como querellante y como acusadores.<\/p>\n<p>&nbsp;<\/p>\n<p>&#8220;Esto podr\u00eda generar la defensa de intereses opuestos&#8221;, dijo la abogada, dando a entender que en lugar de acusar al expresidente Carlos Menem, al exjuez Juan Jos\u00e9 Galeano, a los jefes de la SIDE, los fiscales, al extitular de la DAIA, Rub\u00e9n Beraja, al exjefe policial, Jorge &#8220;El Fino&#8221; Palacios y a Carlos Telleld\u00edn, todos acusados por sembrar pistas falsas, se pretender\u00eda ayudar a sus defensas.<\/p>\n<p>&nbsp;<\/p>\n<p>Stilman lleg\u00f3 al cargo de la mano de Elisa Carri\u00f3 y es de confianza de la diputada, al punto que fue su abogada personal y candidata de la Coalici\u00f3n C\u00edvica en 2015.<\/p>\n<p>&nbsp;<\/p>\n<p>&#8220;Los cambios ordenados en nuestra querella -se\u00f1al\u00f3 la letrada- est\u00e1n directamente relacionados con el criterio dis\u00edmil que se me ha planteado en cuanto al rol y la actividad que debe tener esta parte acusadora. Considerando la suscripta que dicho rol debe ser suficientemente activo como para llegar a la verdad de los hechos investigados, plagados de numerosas irregularidades cometidas -20 a\u00f1os atr\u00e1s- por funcionarios de gobierno y judiciales. Entiendo que de lo contrario podr\u00eda generarse la defensa de intereses opuestos&#8221;, afirm\u00f3 la abogada.<\/p>\n<p>&nbsp;<\/p>\n<p>La querella que representa al Estado estaba encabezada hasta 2015 por Luciano Hazan, exabogado de las Abuelas de Plaza de Mayo y en ese momento subsecretario de Justicia. Al asumir el presidente Mauricio Macri, Hazan present\u00f3 la renuncia y qued\u00f3 a cargo Elizabet G\u00f3mez Alcorta, que hoy es defensora de Milagro Sala. Sin embargo, tambi\u00e9n G\u00f3mez Alcorta present\u00f3 la renuncia. La querella qued\u00f3 en manos de Stilman, quien en su renuncia menciona que &#8220;oportunamente acept\u00e9 intervenir en este juicio por pedido de la diputada Elisa Carri\u00f3&#8221;. Desde hace varios meses, el ministerio de Justicia envi\u00f3 para intervenir en el juicio a un nuevo funcionario, Miguel Inchausti.<\/p>\n<p>&nbsp;<\/p>\n<p>El exvicejefe de la Agencia Federal de Inteligencia (AFI), Juan Mart\u00edn Mena, sostuvo que &#8220;la renuncia de la abogada Stilman revela el verdadero compromiso del Gobierno&#8221; respecto de la b\u00fasqueda de justicia en el atentado a la mutual jud\u00eda.<\/p>\n<p>&nbsp;<\/p>\n<p>&#8220;Se trata de un nuevo encubrimiento del poder pol\u00edtico&#8221;, asegur\u00f3 Mena en declaraciones al programa &#8220;Ma\u00f1ana Sylvestre&#8221;, que se emite por Radio 10, al tiempo que agreg\u00f3: &#8220;La orden de ir para atr\u00e1s a los abogados de la causa por encubrimiento del atentado a la AMIA es otra infamia del Gobierno&#8221;.<\/p>\n<p>&nbsp;<\/p>\n<p>&nbsp;<\/p>\n<p>&nbsp;<\/p>\n<p><strong>Desclasificaci\u00f3n de archivos<\/strong><\/p>\n<p>La C\u00e1mara de Senadores aprob\u00f3 el \u00faltimo mi\u00e9rcoles por unanimidad un proyecto de Resoluci\u00f3n para abrir los archivos de la Comisi\u00f3n Bicameral Especial de Seguimiento de la Investigaci\u00f3n de los atentados a la Embajada de Israel y a la AMIA.<\/p>\n<p>&nbsp;<\/p>\n<p>El proyecto de Resoluci\u00f3n fue presentado por el presidente provisional del Senado, Federico Pinedo, y cuenta con las firmas del jefe del bloque de Cambiemos, \u00c1ngel Rozas, y de su par del Frente para la Victoria (FpV), Miguel \u00c1ngel Pichetto.<\/p>\n<p>&nbsp;<\/p>\n<p>La iniciativa propone &#8220;desclasificar y quitar el car\u00e1cter de secreto y\/o reservado a toda la documentaci\u00f3n y actas labradas por la Comisi\u00f3n Bicameral Especial de Seguimiento de la Investigaci\u00f3n de los atentados a la Embajada de Israel y al edificio de la AMIA&#8221;. Si bien la Bicameral actualmente no est\u00e1 en funciones ni tiene designado a integrante alguno, se sabe que acumul\u00f3 informaci\u00f3n desde su creaci\u00f3n en 1996. Empero, para que la Bicameral abra sus archivos la C\u00e1mara de Diputados debe aprobar una Resoluci\u00f3n en el mismo sentido que la respaldada por el Senado.<\/p>\n","protected":false},"excerpt":{"rendered":"<p>La abogada designada por el Gobierno en el juicio por encubrimiento del atentado a la AMIA, Mariana Stilman, le comunic\u00f3 al Tribunal Oral que lleva adelante ese proceso su renuncia por diferencias &#8220;\u00e9ticas&#8221; con las &#8220;nuevas directivas impartidas por el ministro&#8221;. Asimismo, asegur\u00f3 que se le ordena &#8220;abandonar un rol activo&#8221; y que as\u00ed se generar\u00eda &#8220;la defensa de intereses opuestos a la verdad de los hechos&#8221; &nbsp; &nbsp; &nbsp; &nbsp; Seg\u00fan public\u00f3 el diario P\u00e1gina 12, Stilman le envi\u00f3 una segunda carta al ministro Germ\u00e1n Garavano explic\u00e1ndole que su&#8230;<\/p>\n","protected":false},"author":3,"featured_media":9363,"comment_status":"closed","ping_status":"closed","sticky":false,"template":"","format":"standard","meta":[],"categories":[18],"tags":[],"_links":{"self":[{"href":"https:\/\/www.actualidadadiario.com\/index.php\/wp-json\/wp\/v2\/posts\/9362"}],"collection":[{"href":"https:\/\/www.actualidadadiario.com\/index.php\/wp-json\/wp\/v2\/posts"}],"about":[{"href":"https:\/\/www.actualidadadiario.com\/index.php\/wp-json\/wp\/v2\/types\/post"}],"author":[{"embeddable":true,"href":"https:\/\/www.actualidadadiario.com\/index.php\/wp-json\/wp\/v2\/users\/3"}],"replies":[{"embeddable":true,"href":"https:\/\/www.actualidadadiario.com\/index.php\/wp-json\/wp\/v2\/comments?post=9362"}],"version-history":[{"count":1,"href":"https:\/\/www.actualidadadiario.com\/index.php\/wp-json\/wp\/v2\/posts\/9362\/revisions"}],"predecessor-version":[{"id":9364,"href":"https:\/\/www.actualidadadiario.com\/index.php\/wp-json\/wp\/v2\/posts\/9362\/revisions\/9364"}],"wp:featuredmedia":[{"embeddable":true,"href":"https:\/\/www.actualidadadiario.com\/index.php\/wp-json\/wp\/v2\/media\/9363"}],"wp:attachment":[{"href":"https:\/\/www.actualidadadiario.com\/index.php\/wp-json\/wp\/v2\/media?parent=9362"}],"wp:term":[{"taxonomy":"category","embeddable":true,"href":"https:\/\/www.actualidadadiario.com\/index.php\/wp-json\/wp\/v2\/categories?post=9362"},{"taxonomy":"post_tag","embeddable":true,"href":"https:\/\/www.actualidadadiario.com\/index.php\/wp-json\/wp\/v2\/tags?post=9362"}],"curies":[{"name":"wp","href":"https:\/\/api.w.org\/{rel}","templated":true}]}}