{"id":9359,"date":"2017-03-31T09:47:04","date_gmt":"2017-03-31T12:47:04","guid":{"rendered":"http:\/\/actualidadadiario.com\/site\/?p=9359"},"modified":"2017-03-31T09:47:05","modified_gmt":"2017-03-31T12:47:05","slug":"macri-pidio-a-los-docentes-sentarse-en-una-mesa-y-dialogar","status":"publish","type":"post","link":"https:\/\/www.actualidadadiario.com\/index.php\/2017\/03\/31\/macri-pidio-a-los-docentes-sentarse-en-una-mesa-y-dialogar\/","title":{"rendered":"Macri pidi\u00f3 a los docentes &#8220;sentarse en una mesa y dialogar&#8221;"},"content":{"rendered":"<p><em><strong>El presidente Mauricio Macri consider\u00f3 &#8220;inaceptable&#8221;, en el marco del conflicto docente, que &#8220;no tengamos la altura y la grandeza de sentarnos a una mesa y decir que lo que hicimos hasta ahora est\u00e1 mal y que vamos a cambiar&#8221;, y llam\u00f3 a &#8220;animarse a discutir los temas de fondo&#8221; en materia educativa<\/strong><\/em><\/p>\n<p>&nbsp;<\/p>\n<p>&nbsp;<\/p>\n<p>&nbsp;<\/p>\n<p>&#8220;Los invito a que trabajemos juntos en el futuro, no en seguir confrontando, sentarnos en una mesa y dialogar. Para lograr que no haya m\u00e1s pobreza en la Argentina hay que crecer 20 a\u00f1os, no 2 y volver a caer. Hay que animarse a discutir los temas de fondos, como lo estamos haciendo ahora con la calidad de la educaci\u00f3n p\u00fablica&#8221;, dijo el mandatario.<\/p>\n<p>&nbsp;<\/p>\n<p>En este sentido, al referirse al conflicto docente, en el marco del cual en la provincia de Buenos Aires hoy se cumple la segunda jornada de un paro de 48 horas, el mandatario lament\u00f3 que &#8220;se quiera seguir defendiendo lo que no funcion\u00f3&#8221;.<\/p>\n<p>&nbsp;<\/p>\n<p>As\u00ed lo expres\u00f3 en un discurso que pronunci\u00f3 en el marco de una visita que realiz\u00f3 esta ma\u00f1ana a una f\u00e1brica de helados del partido bonaerense de Malvinas Argentinas, luego de que ayer respaldara a la gobernadora Mar\u00eda Eugenia Vidal, a quien inst\u00f3 a seguir &#8220;dando la discusi\u00f3n de fondo para mejorar la educaci\u00f3n p\u00fablica&#8221;.<\/p>\n<p>&nbsp;<\/p>\n<p>&#8220;Hay que animarse a discutir los temas de fondo, como la calidad de la educaci\u00f3n p\u00fablica, porque si la mitad no termina el colegio, y si, de los que terminan, s\u00f3lo 3 de 10 comprenden matem\u00e1ticas, significa que s\u00f3lo el 15 por ciento va a conseguir un buen trabajo, y es inaceptable&#8221;, dijo el jefe de Estado.<\/p>\n<p>&nbsp;<\/p>\n<p>En este sentido, continu\u00f3: &#8220;Es inaceptable que no tengamos la altura, la grandeza de sentarnos a la mesa y decir que lo que hicimos hasta ahora est\u00e1 mal, y (que entonces) las vamos a cambiar&#8221;.<\/p>\n<p>&nbsp;<\/p>\n<p>Con estos argumentos, remarc\u00f3 que &#8220;el camino es claro&#8221; y pasa por &#8220;decirnos la verdad&#8221;, y destac\u00f3 la necesidad de &#8220;tener el coraje, aunque duela&#8221;, para hacerlo.<\/p>\n<p>&nbsp;<\/p>\n<p>Ayer el mandatario hab\u00eda afirmado: &#8220;Gobernadora, la quiero alentar. S\u00e9 que estamos en una discusi\u00f3n de fondo cuando decimos que queremos mejorar la calidad de la educaci\u00f3n p\u00fablica, es lo que hace que todos los chicos tengan las mismas oportunidades, por lo que queremos que este debate llegue hasta el final&#8221;.<\/p>\n<p>&nbsp;<\/p>\n<p>Adem\u00e1s, en un nuevo d\u00eda de marchas y protestas -hoy se moviliza la CTA- pidi\u00f3 &#8220;poner la energ\u00eda en el futuro y en no seguir confrontando&#8221;.<\/p>\n<p>&nbsp;<\/p>\n<p>Por otro lado, Macri celebr\u00f3 la aprobaci\u00f3n de la ley de emprendedores en el Senado, al visitar una planta productora de helados en la localidad bonaerense de Malvinas Argentinas.<\/p>\n<p>&nbsp;<\/p>\n<p>&#8220;Quiero felicitarlos porque se aprob\u00f3 la ley de emprendedores (&#8230;) para que el viacrucis (de abrir una empresa) se pueda hacer 24 horas en internet. Eso es democratizar las oportunidades, no m\u00e1s obst\u00e1culos, no m\u00e1s del otro lado un Estado que le pone trabas, que hay que ir a la AFIP y llenar 250.000 planillas, es una locura&#8221;, afirm\u00f3 Macri.<\/p>\n<p>&nbsp;<\/p>\n<p>Pidi\u00f3 adem\u00e1s apostar a la generaci\u00f3n de empleo desde los peque\u00f1os emprendimientos y lament\u00f3 la &#8220;vocaci\u00f3n de boicotearnos&#8221; de los argentinos. El mandatario se expres\u00f3 de este modo junto al ministro de la Producci\u00f3n Francisco Cabrera.<\/p>\n<p>&nbsp;<\/p>\n<p>Ayer, el Senado sancion\u00f3 la Ley de Emprendedores, que permitir\u00e1 constituir una empresa en 24 horas bajo la nueva figura jur\u00eddica que llevar\u00e1 el nombre de Sociedad por Acciones Simplificada (SAS) y que podr\u00e1 crearse y manejarse en forma digital desde cualquier lugar del pa\u00eds.<\/p>\n<p>&nbsp;<\/p>\n<p>La nueva norma promueve la constituci\u00f3n de empresas en 24 horas, beneficios fiscales a quienes inviertan en emprendimientos, pr\u00e9stamos para impulsar proyectos en su etapa inicial y mecanismos que hoy se usan en otros pa\u00edses.<\/p>\n<p>&nbsp;<\/p>\n<p>En la actualidad, abrir una empresa en el pa\u00eds demanda en promedio de 45 a 60 d\u00edas, lo que representa un incremento significativo de los costos y, en consecuencia, favorece a la informalidad del sistema econ\u00f3mico.<\/p>\n<p>&nbsp;<\/p>\n<p>La posibilidad de constituir una empresa en 24 horas es uno de los cap\u00edtulos centrales de la ley y fue promesa de la campa\u00f1a electoral del presidente Mauricio Macri.<\/p>\n<p>&nbsp;<\/p>\n<p>Cuando la norma entre en vigencia, el sistema permitir\u00e1 adem\u00e1s abrir una cuenta bancaria simplificada y digitalizar firma, libros y poderes, incorporar uno o m\u00e1s accionistas y emitir acciones de mismo derecho a diferente precio.<\/p>\n<p>&nbsp;<\/p>\n<p>El esquema fue presentado en el proyecto oficial como una oportunidad para monotributistas, para ocupados que hoy se desempe\u00f1an en el sector informal y para todas las empresas que se crean por a\u00f1o en el pa\u00eds.<\/p>\n<p>&nbsp;<\/p>\n<p>En el aspecto del financiamiento, para desarrollar la industria del capital emprendedor la ley contempla beneficios impositivos para los inversores registrados que apuesten por el desarrollo de ideas argentinas.<\/p>\n<p>&nbsp;<\/p>\n<p>Con el prop\u00f3sito de facilitar y agilizar el proceso de financiamiento a los emprendedores, se cre\u00f3 en la ley el Fondo Nacional de Capital Emprendedor (FONDCE), un fideicomiso a partir del cual se crear\u00e1n fondos de capital emprendedor de naturaleza p\u00fablico-privada para generar est\u00edmulos para inversores de proyectos de alto impacto.<\/p>\n<p>&nbsp;<\/p>\n<p>Se trata de 10 fondos cuyo 40% corresponder\u00e1 a la inversi\u00f3n p\u00fablica, tendr\u00e1n como requisito un capital m\u00ednimo de 30 millones de d\u00f3lares cada uno y contar\u00e1n con administradores privados que seleccionar\u00e1n los proyectos.<\/p>\n<p>&nbsp;<\/p>\n<p>Tambi\u00e9n se seleccionar\u00e1n 13 aceleradoras (3 de ellas de base cient\u00edfica), con licencias por 4 a\u00f1os, a las que se destinar\u00e1n aportes para los gastos operativos y para la inversi\u00f3n conjunta en emprendimientos argentinos.<\/p>\n<p>&nbsp;<\/p>\n<p>Asimismo, la ley contempla la regulaci\u00f3n de mecanismos de financiamiento colectivo para democratizar y federalizar la posibilidad de que los argentinos inviertan en el talento local.<\/p>\n<p>&nbsp;<\/p>\n<p>Tambi\u00e9n en el marco del FONDCE, se promover\u00e1n pr\u00e9stamos a tasa 0 para ayudar a crecer a quienes est\u00e9n comenzando con su emprendimiento.<\/p>\n","protected":false},"excerpt":{"rendered":"<p>El presidente Mauricio Macri consider\u00f3 &#8220;inaceptable&#8221;, en el marco del conflicto docente, que &#8220;no tengamos la altura y la grandeza de sentarnos a una mesa y decir que lo que hicimos hasta ahora est\u00e1 mal y que vamos a cambiar&#8221;, y llam\u00f3 a &#8220;animarse a discutir los temas de fondo&#8221; en materia educativa &nbsp; &nbsp; &nbsp; &#8220;Los invito a que trabajemos juntos en el futuro, no en seguir confrontando, sentarnos en una mesa y dialogar. Para lograr que no haya m\u00e1s pobreza en la Argentina hay que crecer 20 a\u00f1os,&#8230;<\/p>\n","protected":false},"author":3,"featured_media":9360,"comment_status":"closed","ping_status":"closed","sticky":false,"template":"","format":"standard","meta":[],"categories":[18],"tags":[],"_links":{"self":[{"href":"https:\/\/www.actualidadadiario.com\/index.php\/wp-json\/wp\/v2\/posts\/9359"}],"collection":[{"href":"https:\/\/www.actualidadadiario.com\/index.php\/wp-json\/wp\/v2\/posts"}],"about":[{"href":"https:\/\/www.actualidadadiario.com\/index.php\/wp-json\/wp\/v2\/types\/post"}],"author":[{"embeddable":true,"href":"https:\/\/www.actualidadadiario.com\/index.php\/wp-json\/wp\/v2\/users\/3"}],"replies":[{"embeddable":true,"href":"https:\/\/www.actualidadadiario.com\/index.php\/wp-json\/wp\/v2\/comments?post=9359"}],"version-history":[{"count":1,"href":"https:\/\/www.actualidadadiario.com\/index.php\/wp-json\/wp\/v2\/posts\/9359\/revisions"}],"predecessor-version":[{"id":9361,"href":"https:\/\/www.actualidadadiario.com\/index.php\/wp-json\/wp\/v2\/posts\/9359\/revisions\/9361"}],"wp:featuredmedia":[{"embeddable":true,"href":"https:\/\/www.actualidadadiario.com\/index.php\/wp-json\/wp\/v2\/media\/9360"}],"wp:attachment":[{"href":"https:\/\/www.actualidadadiario.com\/index.php\/wp-json\/wp\/v2\/media?parent=9359"}],"wp:term":[{"taxonomy":"category","embeddable":true,"href":"https:\/\/www.actualidadadiario.com\/index.php\/wp-json\/wp\/v2\/categories?post=9359"},{"taxonomy":"post_tag","embeddable":true,"href":"https:\/\/www.actualidadadiario.com\/index.php\/wp-json\/wp\/v2\/tags?post=9359"}],"curies":[{"name":"wp","href":"https:\/\/api.w.org\/{rel}","templated":true}]}}