{"id":9356,"date":"2017-03-31T09:44:32","date_gmt":"2017-03-31T12:44:32","guid":{"rendered":"http:\/\/actualidadadiario.com\/site\/?p=9356"},"modified":"2017-03-31T09:44:32","modified_gmt":"2017-03-31T12:44:32","slug":"micheli-en-plaza-de-mayo-en-el-gobierno-piensan-con-cabeza-de-patrones","status":"publish","type":"post","link":"https:\/\/www.actualidadadiario.com\/index.php\/2017\/03\/31\/micheli-en-plaza-de-mayo-en-el-gobierno-piensan-con-cabeza-de-patrones\/","title":{"rendered":"Micheli en Plaza de Mayo: &#8220;En el Gobierno piensan con cabeza de patrones&#8221;"},"content":{"rendered":"<p><em><strong>Las dos centrales sindicales, junto a organizaciones pol\u00edticas y sociales, se concentraron este jueves en Plaza de Mayo, &#8220;por el trabajo, la educaci\u00f3n y las paritarias libres&#8221;. Los oradores fueron Pablo Micheli, &#8216;Barba&#8217; Guti\u00e9rrez y Hugo Yasky<\/strong><\/em><\/p>\n<p>&nbsp;<\/p>\n<p>&nbsp;<\/p>\n<p>&nbsp;<\/p>\n<p>&nbsp;<\/p>\n<p>El primer orador, Pablo Micheli, sostuvo ante la multitud congregada en Plaza de Mayo que &#8220;en el Gobierno piensan con cabeza de patrones, piensan con cabeza de derecha&#8221;, y por eso quieren \u201cque los trabajadores estemos arrodillados ante su pol\u00edtica&#8221;.<\/p>\n<p>&nbsp;<\/p>\n<p>Adem\u00e1s sostuvo que &#8220;en el macrismo tienen un pol\u00edtica antisindical rabiosa&#8230; Quieren sindicatos c\u00f3mplices y arrodillados para que pase la flexibilizaci\u00f3n. Y no lo van a encontrar en nosotros&#8221;.<\/p>\n<p>&nbsp;<\/p>\n<p>\u201cCon este discurso antisindical, antimovilizaci\u00f3n que tiene este Gobierno, va generando clima de violencia\u201d, dijo Micheli con relaci\u00f3n al cami\u00f3n que atropell\u00f3 y mat\u00f3 a un manifestante que participaba de un piquete en la localidad santafesina de San Lorenzo, dejando tambi\u00e9n cinco heridos; lo que calific\u00f3 como \u201cincitaci\u00f3n a la violencia\u201d por parte del macrismo.<\/p>\n<p>&nbsp;<\/p>\n<p>\u201cQue el Gobierno habilite un decreto de necesidad y urgencia para parar los despidos en la Argentina\u201d, dijo Micheli, y tambi\u00e9n pidi\u00f3 \u201cparitarias sin techo\u2026 S\u00e1quenle la pata de encima a las paritarias\u201d, reclam\u00f3 con vehemencia.<\/p>\n<p>&nbsp;<\/p>\n<p>\u201cHay que parar el ajuste para so\u00f1ar con tener una distribuci\u00f3n justa de la riqueza\u201d, dijo el dirigente gremial. \u201cHay que entender que sin unidad no tenemos destino. El \u00fanico camino posible es el camino de la unidad para construir movilizaciones como \u00e9sta y hay que coronar un paro contundente el 6 de abril\u201d para paralizar la Argentina.<\/p>\n<p>&nbsp;<\/p>\n<p>\u201cEl pueblo no quiere vivir m\u00e1s con este plan econ\u00f3mico\u201d, agreg\u00f3 Micheli, al tiempo que prometi\u00f3 \u201cm\u00e1s lucha y m\u00e1s lucha contra este modelo que nos golpea y nos excluye\u201d.<\/p>\n","protected":false},"excerpt":{"rendered":"<p>Las dos centrales sindicales, junto a organizaciones pol\u00edticas y sociales, se concentraron este jueves en Plaza de Mayo, &#8220;por el trabajo, la educaci\u00f3n y las paritarias libres&#8221;. Los oradores fueron Pablo Micheli, &#8216;Barba&#8217; Guti\u00e9rrez y Hugo Yasky &nbsp; &nbsp; &nbsp; &nbsp; El primer orador, Pablo Micheli, sostuvo ante la multitud congregada en Plaza de Mayo que &#8220;en el Gobierno piensan con cabeza de patrones, piensan con cabeza de derecha&#8221;, y por eso quieren \u201cque los trabajadores estemos arrodillados ante su pol\u00edtica&#8221;. &nbsp; Adem\u00e1s sostuvo que &#8220;en el macrismo tienen un&#8230;<\/p>\n","protected":false},"author":3,"featured_media":9357,"comment_status":"closed","ping_status":"closed","sticky":false,"template":"","format":"standard","meta":[],"categories":[9,18],"tags":[],"_links":{"self":[{"href":"https:\/\/www.actualidadadiario.com\/index.php\/wp-json\/wp\/v2\/posts\/9356"}],"collection":[{"href":"https:\/\/www.actualidadadiario.com\/index.php\/wp-json\/wp\/v2\/posts"}],"about":[{"href":"https:\/\/www.actualidadadiario.com\/index.php\/wp-json\/wp\/v2\/types\/post"}],"author":[{"embeddable":true,"href":"https:\/\/www.actualidadadiario.com\/index.php\/wp-json\/wp\/v2\/users\/3"}],"replies":[{"embeddable":true,"href":"https:\/\/www.actualidadadiario.com\/index.php\/wp-json\/wp\/v2\/comments?post=9356"}],"version-history":[{"count":1,"href":"https:\/\/www.actualidadadiario.com\/index.php\/wp-json\/wp\/v2\/posts\/9356\/revisions"}],"predecessor-version":[{"id":9358,"href":"https:\/\/www.actualidadadiario.com\/index.php\/wp-json\/wp\/v2\/posts\/9356\/revisions\/9358"}],"wp:featuredmedia":[{"embeddable":true,"href":"https:\/\/www.actualidadadiario.com\/index.php\/wp-json\/wp\/v2\/media\/9357"}],"wp:attachment":[{"href":"https:\/\/www.actualidadadiario.com\/index.php\/wp-json\/wp\/v2\/media?parent=9356"}],"wp:term":[{"taxonomy":"category","embeddable":true,"href":"https:\/\/www.actualidadadiario.com\/index.php\/wp-json\/wp\/v2\/categories?post=9356"},{"taxonomy":"post_tag","embeddable":true,"href":"https:\/\/www.actualidadadiario.com\/index.php\/wp-json\/wp\/v2\/tags?post=9356"}],"curies":[{"name":"wp","href":"https:\/\/api.w.org\/{rel}","templated":true}]}}