{"id":9348,"date":"2017-03-31T09:41:54","date_gmt":"2017-03-31T12:41:54","guid":{"rendered":"http:\/\/actualidadadiario.com\/site\/?p=9348"},"modified":"2017-03-31T09:41:54","modified_gmt":"2017-03-31T12:41:54","slug":"legisladores-cordobeses-y-santafesinos-se-unen-para-evitar-el-cierre-de-sancor","status":"publish","type":"post","link":"https:\/\/www.actualidadadiario.com\/index.php\/2017\/03\/31\/legisladores-cordobeses-y-santafesinos-se-unen-para-evitar-el-cierre-de-sancor\/","title":{"rendered":"Legisladores cordobeses y santafesinos se unen para evitar el cierre de SanCor"},"content":{"rendered":"<p><em><strong>Seg\u00fan trascendi\u00f3, la cooperativa afronta deudas perentorias por unos 450 millones de d\u00f3lares y podr\u00eda declararse en quiebra. Preocupaci\u00f3n social y pol\u00edtica en la regi\u00f3n lechera<\/strong><\/em><\/p>\n<p>&nbsp;<\/p>\n<p>&nbsp;<\/p>\n<p>&nbsp;<\/p>\n<p>La crisis de SanCor, una de las principales empresas l\u00e1cteas del pa\u00eds, est\u00e1 causando un tembladeral econ\u00f3mico y social en Santa Fe y C\u00f3rdoba, donde esta cooperativa est\u00e1 afincada, lo que repercute a nivel pol\u00edtico.<\/p>\n<p>&nbsp;<\/p>\n<p>Por esa raz\u00f3n, legisladores de esas provincias acordaron este jueves conformar una mesa de acci\u00f3n para defender los puestos de trabajo que eventualmente se perder\u00edan, ya que la empresa debe afrontar deudas millonarias, que superan holgadamente sus posibilidades.<\/p>\n<p>&nbsp;<\/p>\n<p>Tras una reuni\u00f3n de dos horas, el titular de la C\u00e1mara de Diputados de Santa Fe, Antonio Bonfatti, explic\u00f3 que la idea es &#8220;propiciar un encuentro con la mesa que est\u00e1 trabajando el Gobierno Nacional en este sentido, para dar una soluci\u00f3n definitiva en este tema&#8221;.<\/p>\n<p>&nbsp;<\/p>\n<p>&#8220;Hay que saltar hacia adelante, Argentina puede producir mucho m\u00e1s, podemos pasar de 8.000 millones de litros a 20.000 millones, entonces nos parece que en lugar de estar pensando en cierre o despido de trabajadores, podr\u00edamos decir c\u00f3mo incrementar la producci\u00f3n&#8221;, a\u00f1adi\u00f3.<\/p>\n<p>&nbsp;<\/p>\n<p>Lo acompa\u00f1\u00f3 como vocero de la reuni\u00f3n el legislador provincial cordob\u00e9s Manuel Calvo (Uni\u00f3n por C\u00f3rdoba), quien coincidi\u00f3 con Bonfatti en la necesidad de encontrar &#8220;una salida hacia adelante, buscando una mayor producci\u00f3n&#8221;.<\/p>\n<p>&nbsp;<\/p>\n<p>Para Calvo, en el sector l\u00e1cteo &#8220;hay un desacierto de pol\u00edticas nacionales que se viene arrastrando hace much\u00edsimo tiempo y que lamentablemente a lo largo de estos a\u00f1os no hemos podido encontrar los argentinos una salida&#8221;.<\/p>\n<p>&nbsp;<\/p>\n<p>Seg\u00fan inform\u00f3 el secretario de Lecher\u00eda de Santa Fe, Pedro Morini, Sancor factura unos 12.000 millones de pesos por a\u00f1o. Seg\u00fan trascendi\u00f3, la cooperativa debe afrontar deudas por m\u00e1s de 450 millones de d\u00f3lares; o al menos ese es el monto que necesita para no declararse en bancarrota.<\/p>\n","protected":false},"excerpt":{"rendered":"<p>Seg\u00fan trascendi\u00f3, la cooperativa afronta deudas perentorias por unos 450 millones de d\u00f3lares y podr\u00eda declararse en quiebra. Preocupaci\u00f3n social y pol\u00edtica en la regi\u00f3n lechera &nbsp; &nbsp; &nbsp; La crisis de SanCor, una de las principales empresas l\u00e1cteas del pa\u00eds, est\u00e1 causando un tembladeral econ\u00f3mico y social en Santa Fe y C\u00f3rdoba, donde esta cooperativa est\u00e1 afincada, lo que repercute a nivel pol\u00edtico. &nbsp; Por esa raz\u00f3n, legisladores de esas provincias acordaron este jueves conformar una mesa de acci\u00f3n para defender los puestos de trabajo que eventualmente se perder\u00edan,&#8230;<\/p>\n","protected":false},"author":3,"featured_media":9271,"comment_status":"closed","ping_status":"closed","sticky":false,"template":"","format":"standard","meta":[],"categories":[2],"tags":[],"_links":{"self":[{"href":"https:\/\/www.actualidadadiario.com\/index.php\/wp-json\/wp\/v2\/posts\/9348"}],"collection":[{"href":"https:\/\/www.actualidadadiario.com\/index.php\/wp-json\/wp\/v2\/posts"}],"about":[{"href":"https:\/\/www.actualidadadiario.com\/index.php\/wp-json\/wp\/v2\/types\/post"}],"author":[{"embeddable":true,"href":"https:\/\/www.actualidadadiario.com\/index.php\/wp-json\/wp\/v2\/users\/3"}],"replies":[{"embeddable":true,"href":"https:\/\/www.actualidadadiario.com\/index.php\/wp-json\/wp\/v2\/comments?post=9348"}],"version-history":[{"count":1,"href":"https:\/\/www.actualidadadiario.com\/index.php\/wp-json\/wp\/v2\/posts\/9348\/revisions"}],"predecessor-version":[{"id":9349,"href":"https:\/\/www.actualidadadiario.com\/index.php\/wp-json\/wp\/v2\/posts\/9348\/revisions\/9349"}],"wp:featuredmedia":[{"embeddable":true,"href":"https:\/\/www.actualidadadiario.com\/index.php\/wp-json\/wp\/v2\/media\/9271"}],"wp:attachment":[{"href":"https:\/\/www.actualidadadiario.com\/index.php\/wp-json\/wp\/v2\/media?parent=9348"}],"wp:term":[{"taxonomy":"category","embeddable":true,"href":"https:\/\/www.actualidadadiario.com\/index.php\/wp-json\/wp\/v2\/categories?post=9348"},{"taxonomy":"post_tag","embeddable":true,"href":"https:\/\/www.actualidadadiario.com\/index.php\/wp-json\/wp\/v2\/tags?post=9348"}],"curies":[{"name":"wp","href":"https:\/\/api.w.org\/{rel}","templated":true}]}}