{"id":9345,"date":"2017-03-31T09:41:10","date_gmt":"2017-03-31T12:41:10","guid":{"rendered":"http:\/\/actualidadadiario.com\/site\/?p=9345"},"modified":"2017-03-31T09:41:10","modified_gmt":"2017-03-31T12:41:10","slug":"este-viernes-oficializan-el-nuevo-tarifazo-en-el-gas","status":"publish","type":"post","link":"https:\/\/www.actualidadadiario.com\/index.php\/2017\/03\/31\/este-viernes-oficializan-el-nuevo-tarifazo-en-el-gas\/","title":{"rendered":"Este viernes oficializan el nuevo tarifazo en el gas"},"content":{"rendered":"<p><em><strong>El ministro de Energ\u00eda convoc\u00f3 a conferencia para formalizar los nuevos aumentos que regir\u00e1n desde el 1 de abril, con subas del 30 al 40 por ciento<\/strong><\/em><\/p>\n<p>&nbsp;<\/p>\n<p>&nbsp;<\/p>\n<p>&nbsp;<\/p>\n<p>&nbsp;<\/p>\n<p>La poblaci\u00f3n conocer\u00e1 este viernes los alcances del nuevo tarifazo que aplicar\u00e1 el Gobierno desde el 1 de abril, otra vez sobre el consumo domicilio de gas. El anuncio lo realizar\u00e1 el ministro de Energ\u00eda, Juan Jos\u00e9 Aranguren, durante conferencia de prensa.<\/p>\n<p>&nbsp;<\/p>\n<p>Seg\u00fan se prev\u00e9, el aumento que volver\u00e1 a afectar seriamente la econom\u00eda de millones de familias ser\u00e1 de entre el 30 y el 40 por ciento sobre las actuales tarifas, y comenzar\u00e1 a aplicarse desde el primer d\u00eda del mes pr\u00f3ximo.<\/p>\n<p>&nbsp;<\/p>\n<p>A pesar de su dureza para los bolsillos populares, Aranguren ya hab\u00eda anunciado a mediados de este mes que el aumento a anunciarse ser\u00e1 el primero del a\u00f1o pero no el \u00faltimo, ya que se esperan otras dos subas, al menos, a aplicarse en noviembre y en abril de 2018.<\/p>\n","protected":false},"excerpt":{"rendered":"<p>El ministro de Energ\u00eda convoc\u00f3 a conferencia para formalizar los nuevos aumentos que regir\u00e1n desde el 1 de abril, con subas del 30 al 40 por ciento &nbsp; &nbsp; &nbsp; &nbsp; La poblaci\u00f3n conocer\u00e1 este viernes los alcances del nuevo tarifazo que aplicar\u00e1 el Gobierno desde el 1 de abril, otra vez sobre el consumo domicilio de gas. El anuncio lo realizar\u00e1 el ministro de Energ\u00eda, Juan Jos\u00e9 Aranguren, durante conferencia de prensa. &nbsp; Seg\u00fan se prev\u00e9, el aumento que volver\u00e1 a afectar seriamente la econom\u00eda de millones de familias&#8230;<\/p>\n","protected":false},"author":3,"featured_media":9346,"comment_status":"closed","ping_status":"closed","sticky":false,"template":"","format":"standard","meta":[],"categories":[2],"tags":[],"_links":{"self":[{"href":"https:\/\/www.actualidadadiario.com\/index.php\/wp-json\/wp\/v2\/posts\/9345"}],"collection":[{"href":"https:\/\/www.actualidadadiario.com\/index.php\/wp-json\/wp\/v2\/posts"}],"about":[{"href":"https:\/\/www.actualidadadiario.com\/index.php\/wp-json\/wp\/v2\/types\/post"}],"author":[{"embeddable":true,"href":"https:\/\/www.actualidadadiario.com\/index.php\/wp-json\/wp\/v2\/users\/3"}],"replies":[{"embeddable":true,"href":"https:\/\/www.actualidadadiario.com\/index.php\/wp-json\/wp\/v2\/comments?post=9345"}],"version-history":[{"count":1,"href":"https:\/\/www.actualidadadiario.com\/index.php\/wp-json\/wp\/v2\/posts\/9345\/revisions"}],"predecessor-version":[{"id":9347,"href":"https:\/\/www.actualidadadiario.com\/index.php\/wp-json\/wp\/v2\/posts\/9345\/revisions\/9347"}],"wp:featuredmedia":[{"embeddable":true,"href":"https:\/\/www.actualidadadiario.com\/index.php\/wp-json\/wp\/v2\/media\/9346"}],"wp:attachment":[{"href":"https:\/\/www.actualidadadiario.com\/index.php\/wp-json\/wp\/v2\/media?parent=9345"}],"wp:term":[{"taxonomy":"category","embeddable":true,"href":"https:\/\/www.actualidadadiario.com\/index.php\/wp-json\/wp\/v2\/categories?post=9345"},{"taxonomy":"post_tag","embeddable":true,"href":"https:\/\/www.actualidadadiario.com\/index.php\/wp-json\/wp\/v2\/tags?post=9345"}],"curies":[{"name":"wp","href":"https:\/\/api.w.org\/{rel}","templated":true}]}}