{"id":9339,"date":"2017-03-31T09:39:28","date_gmt":"2017-03-31T12:39:28","guid":{"rendered":"http:\/\/actualidadadiario.com\/site\/?p=9339"},"modified":"2017-03-31T09:39:28","modified_gmt":"2017-03-31T12:39:28","slug":"numeros-rojos-en-febrero","status":"publish","type":"post","link":"https:\/\/www.actualidadadiario.com\/index.php\/2017\/03\/31\/numeros-rojos-en-febrero\/","title":{"rendered":"N\u00fameros rojos en febrero"},"content":{"rendered":"<p><em><strong>La producci\u00f3n industrial registr\u00f3 en febrero una fuerte ca\u00edda del 6% en comparaci\u00f3n con igual mes de 2016, y en el primer bimestre del a\u00f1o la contracci\u00f3n llega al 3,5%, inform\u00f3 el INDEC<\/strong><\/em><\/p>\n<p>&nbsp;<\/p>\n<p>&nbsp;<\/p>\n<p>&nbsp;<\/p>\n<p>&nbsp;<\/p>\n<p>La actividad industrial padece trece meses de contracci\u00f3n y los indicadores de los distintos bloques productivos tuvieron registros negativos en febrero, al impactar en ese mes la fuerte ca\u00edda de la industria textil, del 22,5%, y la automotriz, del 18,6%, en forma interanual.<\/p>\n<p>&nbsp;<\/p>\n<p>Un 15,3% de los empresarios del sector, seg\u00fan la encuesta cualitativa del INDEC, opinaron que en el per\u00edodo marzo-mayo la actividad seguir\u00e1 cayendo, mientras que 51,9% opin\u00f3 que continuar\u00e1 estable y el 32,8% restante estim\u00f3 que aumentar\u00e1 la actividad.<\/p>\n<p>&nbsp;<\/p>\n<p>La industria textil muestra en el primer bimestre del a\u00f1o una baja interanual del 16,8%, con bajas del 30,1% en la producci\u00f3n de hilados y del 12,8% en la de tejidos, efectuando la misma comparaci\u00f3n.<\/p>\n<p>&nbsp;<\/p>\n<p>La fabricaci\u00f3n de autos, pese a la baja del 18,6% en febrero, registra en el primer bimestre del a\u00f1o una suba del 11%, por el fuerte crecimiento de enero que alcanz\u00f3 al 70%.<\/p>\n<p>&nbsp;<\/p>\n<p>La disparidad de indicadores es un s\u00edntoma de las paradas t\u00e9cnicas y vacaciones en las plantas, por lo que habr\u00e1 que esperar a la culminaci\u00f3n del primer trimestre para tener una comparaci\u00f3n m\u00e1s completa.<\/p>\n<p>&nbsp;<\/p>\n<p>No obstante, la industria metalmec\u00e1nica asociada a la producci\u00f3n de autos registr\u00f3 en febrero, respecto de igual mes del a\u00f1o pasado una contracci\u00f3n del 8,5%, y en el primer bimestre la ca\u00edda interanual alcanza al 5,1%.<\/p>\n<p>&nbsp;<\/p>\n<p>La industria de Edici\u00f3n e impresi\u00f3n tuvo una baja del 12% mientras la industria del tabaco se contrajo un 7% en febrero, seg\u00fan los indicadores interanuales.<\/p>\n<p>&nbsp;<\/p>\n<p>La producci\u00f3n de acero y aluminio cay\u00f3 en febrero 9,3%, y la de insumos para la industria de la construcci\u00f3n registr\u00f3 una baja del 7,2%.<\/p>\n<p>&nbsp;<\/p>\n<p>La refinaci\u00f3n de petr\u00f3leo es otro de los sectores con fuerte contracci\u00f3n en febrero del 9,2% y en la producci\u00f3n de art\u00edculos de caucho y pl\u00e1stico, la baja lleg\u00f3 al 5,9%, en la medici\u00f3n interanual.<\/p>\n<p>&nbsp;<\/p>\n<p>Los sectores industriales que menos cayeron fueron la elaboraci\u00f3n de sustancias y productos qu\u00edmicos con una baja del 4,1% y la industria alimenticia, que se contrajo un 4,2%, respecto de febrero de un a\u00f1o atr\u00e1s.<\/p>\n<p>&nbsp;<\/p>\n<p>En tanto, el INDEC se\u00f1al\u00f3 que la actividad de la construcci\u00f3n en Argentina registr\u00f3 en febrero pasado una ca\u00edda del 3,4 % en comparaci\u00f3n con el mismo mes de 2016.<\/p>\n<p>&nbsp;<\/p>\n<p>El Indicador Sint\u00e9tico de la Actividad de la Construcci\u00f3n, en el que se\u00f1al\u00f3 adem\u00e1s que durante los primeros dos meses del a\u00f1o se registr\u00f3 una disminuci\u00f3n acumulada del 2,9 % con respecto al mismo per\u00edodo del a\u00f1o pasado.<\/p>\n<p>&nbsp;<\/p>\n<p>Asimismo, la superficie dedicada a la construcci\u00f3n, medida por las peticiones de permisos para edificar, registr\u00f3 en febrero una bajada del 23,5 % en comparaci\u00f3n con el mismo mes de 2016.<\/p>\n<p>&nbsp;<\/p>\n<p>Los puestos de trabajo registrados en el sector privado que dependen de la construcci\u00f3n sufrieron una disminuci\u00f3n del 0,1 % interanual en enero pasado, que es el \u00faltimo dato hasta el momento.<\/p>\n","protected":false},"excerpt":{"rendered":"<p>La producci\u00f3n industrial registr\u00f3 en febrero una fuerte ca\u00edda del 6% en comparaci\u00f3n con igual mes de 2016, y en el primer bimestre del a\u00f1o la contracci\u00f3n llega al 3,5%, inform\u00f3 el INDEC &nbsp; &nbsp; &nbsp; &nbsp; La actividad industrial padece trece meses de contracci\u00f3n y los indicadores de los distintos bloques productivos tuvieron registros negativos en febrero, al impactar en ese mes la fuerte ca\u00edda de la industria textil, del 22,5%, y la automotriz, del 18,6%, en forma interanual. &nbsp; Un 15,3% de los empresarios del sector, seg\u00fan la&#8230;<\/p>\n","protected":false},"author":3,"featured_media":9340,"comment_status":"closed","ping_status":"closed","sticky":false,"template":"","format":"standard","meta":[],"categories":[9,2],"tags":[],"_links":{"self":[{"href":"https:\/\/www.actualidadadiario.com\/index.php\/wp-json\/wp\/v2\/posts\/9339"}],"collection":[{"href":"https:\/\/www.actualidadadiario.com\/index.php\/wp-json\/wp\/v2\/posts"}],"about":[{"href":"https:\/\/www.actualidadadiario.com\/index.php\/wp-json\/wp\/v2\/types\/post"}],"author":[{"embeddable":true,"href":"https:\/\/www.actualidadadiario.com\/index.php\/wp-json\/wp\/v2\/users\/3"}],"replies":[{"embeddable":true,"href":"https:\/\/www.actualidadadiario.com\/index.php\/wp-json\/wp\/v2\/comments?post=9339"}],"version-history":[{"count":1,"href":"https:\/\/www.actualidadadiario.com\/index.php\/wp-json\/wp\/v2\/posts\/9339\/revisions"}],"predecessor-version":[{"id":9341,"href":"https:\/\/www.actualidadadiario.com\/index.php\/wp-json\/wp\/v2\/posts\/9339\/revisions\/9341"}],"wp:featuredmedia":[{"embeddable":true,"href":"https:\/\/www.actualidadadiario.com\/index.php\/wp-json\/wp\/v2\/media\/9340"}],"wp:attachment":[{"href":"https:\/\/www.actualidadadiario.com\/index.php\/wp-json\/wp\/v2\/media?parent=9339"}],"wp:term":[{"taxonomy":"category","embeddable":true,"href":"https:\/\/www.actualidadadiario.com\/index.php\/wp-json\/wp\/v2\/categories?post=9339"},{"taxonomy":"post_tag","embeddable":true,"href":"https:\/\/www.actualidadadiario.com\/index.php\/wp-json\/wp\/v2\/tags?post=9339"}],"curies":[{"name":"wp","href":"https:\/\/api.w.org\/{rel}","templated":true}]}}